{"id":4057,"date":"2026-01-27T17:29:00","date_gmt":"2026-01-27T16:29:00","guid":{"rendered":"https:\/\/europa.regione.basilicata.it\/2021-27\/?p=4057"},"modified":"2026-08-24T17:39:42","modified_gmt":"2026-08-24T15:39:42","slug":"workshop-basilicata-brand-book-un-incontro-su-comunicazione-e-visibilita-del-programma-regionale","status":"publish","type":"post","link":"https:\/\/europa.regione.basilicata.it\/2021-27\/2026\/01\/workshop-basilicata-brand-book-un-incontro-su-comunicazione-e-visibilita-del-programma-regionale\/","title":{"rendered":"\u201cBasilicata Brand Book\u201d: comunicazione e visibilit\u00e0 del Programma Regionale"},"content":{"rendered":"<p>Si \u00e8 svolto oggi\u00a0<span class=\"s2\">27 gennaio a Potenza<\/span>, presso la Sala Aldo Moro del Palazzo del Consiglio regionale, il workshop \u201c<strong><span class=\"s3\">Basilicata Brand Book<\/span><span class=\"s3\"> Manuale e modelli applicativi per i Soggetti Attuatori e i Beneficiari del Programma Regionale <\/span><span class=\"s3\">Basilicata<\/span>\u00a0<\/strong><span class=\"s3\"><strong>FESR FSE+ 2021\u20132027<\/strong>\u201c, o<\/span>rganizzato dall\u2019Autor<a name=\"_GoBack\"><\/a>it\u00e0 di Gestione. L&#8217;iniziativa ha rappresentato un importante momento di confronto e approfondimento sulle <span class=\"s2\">regole di comunicazione e visibilit\u00e0 previste\u00a0<\/span><span class=\"s2\">dalle linee guida nazionali<\/span>\u00a0per le operazioni finanziate dalla Politica di Coesione.<\/p>\n<p>Nel corso dell\u2019incontro sono stati affrontati temi centrali per la\u00a0<strong>corretta gestione della comunicazione istituzionale<\/strong>, con particolare attenzione agli obblighi normativi e alle modalit\u00e0 operative da adottare.\u00a0<strong><span class=\"s2\">Lucia Triani<\/span><\/strong>,\u00a0<em>Responsabile comunicazione del PR Basilicata FESR FSE+ 2021-2027<\/em>, ha illustrato\u00a0<span class=\"s2\">i contenuti del\u00a0<a href=\"https:\/\/europa.regione.basilicata.it\/bk21-27\/logo-e-linea-grafica\/\" target=\"_blank\" rel=\"noopener\">Basilicata Brand Book<\/a><\/span>, fornendo indicazioni pratiche ed esempi sugli adempimenti previsti dal Regolamento n.1060\/2021.<\/p>\n<p>Ampio spazio \u00e8 stato dedicato all\u2019illustrazione delle linee guida, fondamentali per garantire coerenza, riconoscibilit\u00e0 e valorizzazione degli interventi finanziati.<\/p>\n<p><strong><span class=\"s2\">Raffaele Paciello<\/span><\/strong>,\u00a0<em>Ufficio del Gabinetto del Presidente della Regione Basilicata<\/em>, ha presentato il\u00a0<span class=\"s2\">nuovo sito\u00a0<\/span>dedicato al Programma Regionale che oltre alle informazioni sulle priorit\u00e0, sulle opportunit\u00e0 di finanziamento e le news, avr\u00e0 una sezione dedicata ai progetti finanziati.<\/p>\n<p>L\u2019Amministrazione ha rinnovato la sua\u00a0<span class=\"s2\">disponibilit\u00e0 nel supporto<\/span>\u00a0ai partecipanti per garantire un utilizzo corretto degli strumenti di comunicazione, in linea con gli obiettivi del Programma Regionale Basilicata FESR FSE+ 2021\u20132027.<\/p>\n","protected":false},"excerpt":{"rendered":"<p>Si \u00e8 svolto oggi\u00a027 gennaio a Potenza, presso la Sala Aldo Moro del Palazzo del Consiglio regionale, il workshop \u201cBasilicata Brand Book Manuale e modelli applicativi per i Soggetti Attuatori e i Beneficiari del Programma.<\/p>\n","protected":false},"author":2,"featured_media":4058,"comment_status":"open","ping_status":"open","sticky":false,"template":"","format":"standard","meta":{"footnotes":""},"categories":[5],"tags":[],"class_list":["post-4057","post","type-post","status-publish","format-standard","has-post-thumbnail","hentry","category-notizie"],"_links":{"self":[{"href":"https:\/\/europa.regione.basilicata.it\/2021-27\/wp-json\/wp\/v2\/posts\/4057","targetHints":{"allow":["GET"]}}],"collection":[{"href":"https:\/\/europa.regione.basilicata.it\/2021-27\/wp-json\/wp\/v2\/posts"}],"about":[{"href":"https:\/\/europa.regione.basilicata.it\/2021-27\/wp-json\/wp\/v2\/types\/post"}],"author":[{"embeddable":true,"href":"https:\/\/europa.regione.basilicata.it\/2021-27\/wp-json\/wp\/v2\/users\/2"}],"replies":[{"embeddable":true,"href":"https:\/\/europa.regione.basilicata.it\/2021-27\/wp-json\/wp\/v2\/comments?post=4057"}],"version-history":[{"count":4,"href":"https:\/\/europa.regione.basilicata.it\/2021-27\/wp-json\/wp\/v2\/posts\/4057\/revisions"}],"predecessor-version":[{"id":4064,"href":"https:\/\/europa.regione.basilicata.it\/2021-27\/wp-json\/wp\/v2\/posts\/4057\/revisions\/4064"}],"wp:featuredmedia":[{"embeddable":true,"href":"https:\/\/europa.regione.basilicata.it\/2021-27\/wp-json\/wp\/v2\/media\/4058"}],"wp:attachment":[{"href":"https:\/\/europa.regione.basilicata.it\/2021-27\/wp-json\/wp\/v2\/media?parent=4057"}],"wp:term":[{"taxonomy":"category","embeddable":true,"href":"https:\/\/europa.regione.basilicata.it\/2021-27\/wp-json\/wp\/v2\/categories?post=4057"},{"taxonomy":"post_tag","embeddable":true,"href":"https:\/\/europa.regione.basilicata.it\/2021-27\/wp-json\/wp\/v2\/tags?post=4057"}],"curies":[{"name":"wp","href":"https:\/\/api.w.org\/{rel}","templated":true}]}}