{"id":5347,"date":"2021-05-17T11:06:33","date_gmt":"2021-05-17T09:06:33","guid":{"rendered":"http:\/\/europa.basilicata.it\/feamp\/?p=5347"},"modified":"2021-05-17T11:06:34","modified_gmt":"2021-05-17T09:06:34","slug":"quaderno-di-mare-terzo-laboratorio","status":"publish","type":"post","link":"https:\/\/europa.regione.basilicata.it\/feamp\/quaderno-di-mare-terzo-laboratorio\/","title":{"rendered":"Quaderno di mare: terzo laboratorio"},"content":{"rendered":"\n<p class=\"wp-block-paragraph\">Terzo incontro del ciclo informativo, curato dal CREA &#8211; Centro di ricerca Politiche e Bioeconomia, nell&#8217;ambito dell&#8217;intervento &#8220;<a href=\"https:\/\/europa.regione.basilicata.it\/feamp\/un-tablet-in-ogni-barca\/\">Un tablet in ogni barca<\/a>&#8220;.<\/p>\n\n\n\n<p class=\"wp-block-paragraph\">Il terzo laboratorio, che si svolger\u00e0 marted\u00ec, 18 maggio 2021, sulla piattaforma Teams, sar\u00e0 rivolto ai pescatori della costa jonica e tirrenica della Basilicata per condividere l&#8217;analisi dei principali risultati emersi dal monitoraggio realizzato attraverso il Quaderno di mare, nel periodo giugno &#8211; dicembre 2020. <\/p>\n\n\n\n<p class=\"wp-block-paragraph\">Programma <a href=\"https:\/\/europa.regione.basilicata.it\/feamp\/wp-content\/uploads\/2021\/05\/III-webinar_-QUADERNODIMARE-.pdf\">III Webinar Quaderno di Mare<\/a><\/p>\n\n\n\n<p class=\"wp-block-paragraph\"><\/p>\n","protected":false},"excerpt":{"rendered":"<p>Terzo incontro del ciclo informativo, curato dal CREA &#8211; Centro di ricerca Politiche e Bioeconomia, nell&#8217;ambito dell&#8217;intervento &#8220;Un tablet in<\/p>\n","protected":false},"author":2,"featured_media":5150,"comment_status":"closed","ping_status":"closed","sticky":false,"template":"","format":"standard","meta":{"colormag_page_container_layout":"default_layout","colormag_page_sidebar_layout":"default_layout","footnotes":""},"categories":[20,21,15],"tags":[],"class_list":["post-5347","post","type-post","status-publish","format-standard","has-post-thumbnail","hentry","category-eventi","category-in-evidenza","category-news"],"publishpress_future_action":{"enabled":false,"date":"2026-09-07 02:41:52","action":"change-status","newStatus":"draft","terms":[],"taxonomy":"category","extraData":[]},"publishpress_future_workflow_manual_trigger":{"enabledWorkflows":[]},"_links":{"self":[{"href":"https:\/\/europa.regione.basilicata.it\/feamp\/wp-json\/wp\/v2\/posts\/5347","targetHints":{"allow":["GET"]}}],"collection":[{"href":"https:\/\/europa.regione.basilicata.it\/feamp\/wp-json\/wp\/v2\/posts"}],"about":[{"href":"https:\/\/europa.regione.basilicata.it\/feamp\/wp-json\/wp\/v2\/types\/post"}],"author":[{"embeddable":true,"href":"https:\/\/europa.regione.basilicata.it\/feamp\/wp-json\/wp\/v2\/users\/2"}],"replies":[{"embeddable":true,"href":"https:\/\/europa.regione.basilicata.it\/feamp\/wp-json\/wp\/v2\/comments?post=5347"}],"version-history":[{"count":1,"href":"https:\/\/europa.regione.basilicata.it\/feamp\/wp-json\/wp\/v2\/posts\/5347\/revisions"}],"predecessor-version":[{"id":5348,"href":"https:\/\/europa.regione.basilicata.it\/feamp\/wp-json\/wp\/v2\/posts\/5347\/revisions\/5348"}],"wp:featuredmedia":[{"embeddable":true,"href":"https:\/\/europa.regione.basilicata.it\/feamp\/wp-json\/wp\/v2\/media\/5150"}],"wp:attachment":[{"href":"https:\/\/europa.regione.basilicata.it\/feamp\/wp-json\/wp\/v2\/media?parent=5347"}],"wp:term":[{"taxonomy":"category","embeddable":true,"href":"https:\/\/europa.regione.basilicata.it\/feamp\/wp-json\/wp\/v2\/categories?post=5347"},{"taxonomy":"post_tag","embeddable":true,"href":"https:\/\/europa.regione.basilicata.it\/feamp\/wp-json\/wp\/v2\/tags?post=5347"}],"curies":[{"name":"wp","href":"https:\/\/api.w.org\/{rel}","templated":true}]}}