{"id":13811,"date":"2022-03-28T13:27:23","date_gmt":"2022-03-28T11:27:23","guid":{"rendered":"http:\/\/europa.basilicata.it\/feasr\/2022_bando_bozzagialla-copy\/"},"modified":"2023-05-02T09:27:19","modified_gmt":"2023-05-02T07:27:19","slug":"2022-snai-1-3-scambi-interaziendali-avviso-speciale-marmoplatano","status":"publish","type":"post","link":"https:\/\/europa.regione.basilicata.it\/feasr\/2022-snai-1-3-scambi-interaziendali-avviso-speciale-marmoplatano\/","title":{"rendered":"[SNAI] Bando Misura 1.3 Scambi interaziendali di breve durata e visite nelle aziende agricole &#8211; Avviso Speciale Aree Interne Marmo Platano"},"content":{"rendered":"<p>[:it]<\/p>\n<p style=\"text-align: justify;\"><span style=\"font-size: 7pt;\"><span style=\"color: #ff0000;\"><strong>AVVISO LEGALE: <\/strong><\/span>L&#8217;unico testo ufficiale e definitivo \u00e8 quello pubblicato sul Bollettino Ufficiale della Regione Basilicata (BURB) a mezzo stampa, che prevale in casi di discordanza. La riproduzione dei testi forniti nel formato elettronico \u00e8 consentita purch\u00e9 venga menzionata la fonte, il carattere non autentico e gratuito. I Testi sono disponibili agli utenti al solo scopo informativo. La raccolta, per quanto vasta, \u00e8 frutto di una selezione redazionale. L\u2019Autorit\u00e0 di Gestione del Psr Basilicata, non \u00e8 responsabile di eventuali errori o imprecisioni, nonch\u00e9 di danni conseguenti ad azioni o determinazioni assunte in base alla consultazione del portale.<\/span><\/p>\n<hr \/>\n<p style=\"text-align: left;\"><img loading=\"lazy\" decoding=\"async\" class=\"alignnone wp-image-11605\" src=\"https:\/\/europa.regione.basilicata.it\/feasr\/wp-content\/uploads\/2021\/10\/Gestore.jpg\" alt=\"\" width=\"25\" height=\"25\" \/> <strong><span style=\"color: #f0a00b; font-size: 10pt;\">SCHEDA BANDO<\/span><\/strong><img loading=\"lazy\" decoding=\"async\" class=\"alignnone size-full wp-image-11626\" src=\"https:\/\/europa.regione.basilicata.it\/feasr\/wp-content\/uploads\/2021\/10\/linea-gualla-Xsmall.jpg\" alt=\"\" width=\"1414\" height=\"8\" srcset=\"https:\/\/europa.regione.basilicata.it\/feasr\/wp-content\/uploads\/2021\/10\/linea-gualla-Xsmall.jpg 1414w, https:\/\/europa.regione.basilicata.it\/feasr\/wp-content\/uploads\/2021\/10\/linea-gualla-Xsmall-300x2.jpg 300w, https:\/\/europa.regione.basilicata.it\/feasr\/wp-content\/uploads\/2021\/10\/linea-gualla-Xsmall-768x4.jpg 768w, https:\/\/europa.regione.basilicata.it\/feasr\/wp-content\/uploads\/2021\/10\/linea-gualla-Xsmall-1024x6.jpg 1024w\" sizes=\"auto, (max-width: 1414px) 100vw, 1414px\" \/><\/p>\n<table style=\"width: 782px;\">\n<tbody>\n<tr>\n<td style=\"width: 379.375px; background-color: #ff0000; text-align: center;\"><span style=\"color: #ffffff;\"><strong><span style=\"font-size: 10pt; color: #ffffff;\">SCADENZA 16 MAGGIO 2022<\/span><\/strong><\/span><\/td>\n<\/tr>\n<\/tbody>\n<\/table>\n<p style=\"text-align: justify;\"><span style=\"color: #f0a00b;\"><strong>MISURA 1 \u2022 TRASFERIMENTO DI CONOSCENZA E AZIONI DI INFORMAZIONE<\/strong><\/span><\/p>\n<p style=\"text-align: justify;\"><span style=\"color: #f0a00b;\"><strong>SOTTOMISURA 1.3 \u2022 SCAMBI INTERAZIENDALI DI BREVE DURATA E VISITE ALLA AZIENDE AGRICOLE E FORESTALI<\/strong><\/span><\/p>\n<p style=\"text-align: left;\"><img loading=\"lazy\" decoding=\"async\" class=\"alignnone wp-image-11606\" src=\"https:\/\/europa.regione.basilicata.it\/feasr\/wp-content\/uploads\/2021\/10\/Obiettivo.png\" alt=\"\" width=\"26\" height=\"26\" \/> <strong><span style=\"color: #f0a00b; font-size: 10pt;\">OBIETTIVO <img loading=\"lazy\" decoding=\"async\" class=\"alignnone size-full wp-image-11626\" src=\"https:\/\/europa.regione.basilicata.it\/feasr\/wp-content\/uploads\/2021\/10\/linea-gualla-Xsmall.jpg\" alt=\"\" width=\"1414\" height=\"8\" srcset=\"https:\/\/europa.regione.basilicata.it\/feasr\/wp-content\/uploads\/2021\/10\/linea-gualla-Xsmall.jpg 1414w, https:\/\/europa.regione.basilicata.it\/feasr\/wp-content\/uploads\/2021\/10\/linea-gualla-Xsmall-300x2.jpg 300w, https:\/\/europa.regione.basilicata.it\/feasr\/wp-content\/uploads\/2021\/10\/linea-gualla-Xsmall-768x4.jpg 768w, https:\/\/europa.regione.basilicata.it\/feasr\/wp-content\/uploads\/2021\/10\/linea-gualla-Xsmall-1024x6.jpg 1024w\" sizes=\"auto, (max-width: 1414px) 100vw, 1414px\" \/><\/span><\/strong><\/p>\n<p style=\"text-align: justify;\">La misura offre sostegno per effettuare scambi interaziendali di breve durata e visite alle aziende agricole e forestali anche di realt\u00e0 extraregionali<\/p>\n<p style=\"text-align: justify;\">L\u2019attivazione della Sottomisura 1.3 \u201cScambi interaziendali di breve durata e visite nelle aziende agricole o forestali\u201d, integra e completa il trasferimento di conoscenze avviato con l\u2019operazione 1.2 mediante il diretto confronto con realt\u00e0 produttive diverse<\/p>\n<p style=\"text-align: left;\"><img loading=\"lazy\" decoding=\"async\" class=\"alignnone wp-image-11607\" src=\"https:\/\/europa.regione.basilicata.it\/feasr\/wp-content\/uploads\/2021\/10\/stanziamento.jpg\" alt=\"\" width=\"25\" height=\"25\" \/> <strong><span style=\"color: #f0a00b; font-size: 10pt;\">DOTAZIONE, FORMA E INTENSIT\u00c0 DELL&#8217;AIUTO <img loading=\"lazy\" decoding=\"async\" class=\"alignnone size-full wp-image-11626\" src=\"https:\/\/europa.regione.basilicata.it\/feasr\/wp-content\/uploads\/2021\/10\/linea-gualla-Xsmall.jpg\" alt=\"\" width=\"1414\" height=\"8\" srcset=\"https:\/\/europa.regione.basilicata.it\/feasr\/wp-content\/uploads\/2021\/10\/linea-gualla-Xsmall.jpg 1414w, https:\/\/europa.regione.basilicata.it\/feasr\/wp-content\/uploads\/2021\/10\/linea-gualla-Xsmall-300x2.jpg 300w, https:\/\/europa.regione.basilicata.it\/feasr\/wp-content\/uploads\/2021\/10\/linea-gualla-Xsmall-768x4.jpg 768w, https:\/\/europa.regione.basilicata.it\/feasr\/wp-content\/uploads\/2021\/10\/linea-gualla-Xsmall-1024x6.jpg 1024w\" sizes=\"auto, (max-width: 1414px) 100vw, 1414px\" \/><\/span><\/strong><\/p>\n<p style=\"text-align: justify;\">La dotazione finanziaria complessiva del presente avviso, ammonta ad \u20ac 60.000,00, che rappresenta anche il massimale progettuale (IVA inclusa)<\/p>\n<p style=\"text-align: justify;\">Il contributo sar\u00e0 concesso in conto capitale, con una intensit\u00e0 di aiuto pari al 100% dell\u2019investimento ammesso<\/p>\n<p style=\"text-align: justify;\">Per le operazioni non rientranti nel campo di applicazione dell\u2019art. 42 del Trattato, l\u2019aiuto sar\u00e0 accordato in base al regime de minimis<\/p>\n<p style=\"text-align: left;\"><img loading=\"lazy\" decoding=\"async\" class=\"alignnone wp-image-11608\" src=\"https:\/\/europa.regione.basilicata.it\/feasr\/wp-content\/uploads\/2021\/10\/beneficiari.jpg\" alt=\"\" width=\"25\" height=\"25\" \/> <strong><span style=\"color: #f0a00b; font-size: 10pt;\">BENEFICIARI E AMBITO TERRITORIALE <img loading=\"lazy\" decoding=\"async\" class=\"alignnone size-full wp-image-11626\" src=\"https:\/\/europa.regione.basilicata.it\/feasr\/wp-content\/uploads\/2021\/10\/linea-gualla-Xsmall.jpg\" alt=\"\" width=\"1414\" height=\"8\" srcset=\"https:\/\/europa.regione.basilicata.it\/feasr\/wp-content\/uploads\/2021\/10\/linea-gualla-Xsmall.jpg 1414w, https:\/\/europa.regione.basilicata.it\/feasr\/wp-content\/uploads\/2021\/10\/linea-gualla-Xsmall-300x2.jpg 300w, https:\/\/europa.regione.basilicata.it\/feasr\/wp-content\/uploads\/2021\/10\/linea-gualla-Xsmall-768x4.jpg 768w, https:\/\/europa.regione.basilicata.it\/feasr\/wp-content\/uploads\/2021\/10\/linea-gualla-Xsmall-1024x6.jpg 1024w\" sizes=\"auto, (max-width: 1414px) 100vw, 1414px\" \/><\/span><\/strong><\/p>\n<p>I beneficiari dell\u2019avviso potranno essere:<br \/>\n\u2022 Enti di ricerca<\/p>\n<p style=\"text-align: justify;\">Fatto salvo l\u2019ambito di attuazione della Strategia (Area Marmo Platano), le azioni potranno essere progettate e realizzate in tutti i territori dell\u2019Unione Europea<\/p>\n<p style=\"text-align: left;\"><img loading=\"lazy\" decoding=\"async\" class=\"alignnone wp-image-11609\" src=\"https:\/\/europa.regione.basilicata.it\/feasr\/wp-content\/uploads\/2021\/10\/Aree-applicazione1.jpg\" alt=\"\" width=\"25\" height=\"25\" \/><strong><span style=\"color: #f0a00b; font-size: 10pt;\">CONDIZIONI DI AMMISSIBILIT\u00c0<\/span><\/strong><img loading=\"lazy\" decoding=\"async\" class=\"alignnone size-full wp-image-11626\" src=\"https:\/\/europa.regione.basilicata.it\/feasr\/wp-content\/uploads\/2021\/10\/linea-gualla-Xsmall.jpg\" alt=\"\" width=\"1414\" height=\"8\" srcset=\"https:\/\/europa.regione.basilicata.it\/feasr\/wp-content\/uploads\/2021\/10\/linea-gualla-Xsmall.jpg 1414w, https:\/\/europa.regione.basilicata.it\/feasr\/wp-content\/uploads\/2021\/10\/linea-gualla-Xsmall-300x2.jpg 300w, https:\/\/europa.regione.basilicata.it\/feasr\/wp-content\/uploads\/2021\/10\/linea-gualla-Xsmall-768x4.jpg 768w, https:\/\/europa.regione.basilicata.it\/feasr\/wp-content\/uploads\/2021\/10\/linea-gualla-Xsmall-1024x6.jpg 1024w\" sizes=\"auto, (max-width: 1414px) 100vw, 1414px\" \/><\/p>\n<p>Le attivit\u00e0 saranno svolte da Enti di ricerca:<\/p>\n<p>a) Scambi interaziendali di breve durata e le visite alle aziende agricole e forestali dovranno avere una durata non superiore ai 15 giorni<\/p>\n<p>b) Scambi e le visite si concentreranno, in particolare, su pratiche e tecnologie agricole sostenibili, sullo sviluppo di nuove opportunit\u00e0 commerciali e nuove tecnologie<\/p>\n<p>I beneficiari dovranno presentare un elaborato progettuale come da Allegato 1<\/p>\n<p style=\"text-align: left;\"><img loading=\"lazy\" decoding=\"async\" class=\"alignnone wp-image-11612\" src=\"https:\/\/europa.regione.basilicata.it\/feasr\/wp-content\/uploads\/2021\/10\/spese-amm.jpg\" alt=\"\" width=\"25\" height=\"25\" \/> <strong><span style=\"color: #f0a00b; font-size: 10pt;\">SPESA AMMISSIBILE <img loading=\"lazy\" decoding=\"async\" class=\"alignnone size-full wp-image-11626\" src=\"https:\/\/europa.regione.basilicata.it\/feasr\/wp-content\/uploads\/2021\/10\/linea-gualla-Xsmall.jpg\" alt=\"\" width=\"1414\" height=\"8\" srcset=\"https:\/\/europa.regione.basilicata.it\/feasr\/wp-content\/uploads\/2021\/10\/linea-gualla-Xsmall.jpg 1414w, https:\/\/europa.regione.basilicata.it\/feasr\/wp-content\/uploads\/2021\/10\/linea-gualla-Xsmall-300x2.jpg 300w, https:\/\/europa.regione.basilicata.it\/feasr\/wp-content\/uploads\/2021\/10\/linea-gualla-Xsmall-768x4.jpg 768w, https:\/\/europa.regione.basilicata.it\/feasr\/wp-content\/uploads\/2021\/10\/linea-gualla-Xsmall-1024x6.jpg 1024w\" sizes=\"auto, (max-width: 1414px) 100vw, 1414px\" \/><\/span><\/strong><\/p>\n<p>Nell&#8217;ambito della presente sottomisura, sono ammissibili le spese per:<\/p>\n<p>a) Attivit\u00e0 di progettazione, coordinamento e realizzazione delle iniziative, entro e non oltre il 10% dell\u2019importo progettuale<\/p>\n<p>b) Attivit\u00e0 di docenza\/tutoraggio delle aziende ospitanti<\/p>\n<p>c) Acquisto di materiale didattico e acquisto di materiale di consumo per esercitazioni<\/p>\n<p>d) Affitto e noleggio di aule e strutture didattiche<\/p>\n<p>e) Noleggio di mezzi di trasporto collettivo, nei limiti del costo orario<\/p>\n<p>f) Costi di vitto e alloggio (solo per scambi interaziendali che prevedono visite fuori dal territorio regionale)<\/p>\n<p>g) Spese generali (ad esempio i costi non imputabili in maniera univoca al progetto come riscaldamento e spese postali)<\/p>\n<p>Per le spese generali (costi indiretti) \u00e8 prevista una somma forfettaria del 15% della spesa ammessa per il personale<\/p>\n<p style=\"text-align: left;\"><strong><img loading=\"lazy\" decoding=\"async\" class=\"alignnone wp-image-11613\" src=\"https:\/\/europa.regione.basilicata.it\/feasr\/wp-content\/uploads\/2021\/10\/domanda.jpg\" alt=\"\" width=\"25\" height=\"25\" \/><span style=\"color: #f0a00b; font-size: 10pt;\">PRESENTAZIONE DOMANDA <img loading=\"lazy\" decoding=\"async\" class=\"alignnone size-full wp-image-11626\" src=\"https:\/\/europa.regione.basilicata.it\/feasr\/wp-content\/uploads\/2021\/10\/linea-gualla-Xsmall.jpg\" alt=\"\" width=\"1414\" height=\"8\" srcset=\"https:\/\/europa.regione.basilicata.it\/feasr\/wp-content\/uploads\/2021\/10\/linea-gualla-Xsmall.jpg 1414w, https:\/\/europa.regione.basilicata.it\/feasr\/wp-content\/uploads\/2021\/10\/linea-gualla-Xsmall-300x2.jpg 300w, https:\/\/europa.regione.basilicata.it\/feasr\/wp-content\/uploads\/2021\/10\/linea-gualla-Xsmall-768x4.jpg 768w, https:\/\/europa.regione.basilicata.it\/feasr\/wp-content\/uploads\/2021\/10\/linea-gualla-Xsmall-1024x6.jpg 1024w\" sizes=\"auto, (max-width: 1414px) 100vw, 1414px\" \/><\/span> <\/strong><\/p>\n<p style=\"text-align: left;\">La presentazione della domanda di partecipazione al Bando si distingue nelle seguenti due fasi:<\/p>\n<p>1. RILASCIO DELLA DOMANDA DI SOSTEGNO SUL <strong>PORTALE SIAN<\/strong><\/p>\n<p style=\"text-align: justify;\">La domanda di sostegno deve essere rilasciata a SIAN <strong>entro 45 giorni<\/strong> consecutivi a far data dalla pubblicazione sul BURB del presente Bando<\/p>\n<p style=\"text-align: justify;\"><span style=\"color: #ff0000;\"><strong>SCADENZA 16 MAGGIO 2022<\/strong><\/span><\/p>\n<p>2. PRESENTAZIONE DELLA CANDIDATURE SULLA <strong>PIATTAFORMA SIA-RB<\/strong><\/p>\n<p style=\"text-align: justify;\"><strong><span style=\"color: #ff0000;\">ENTRO 7 GIORNI<\/span><\/strong> <strong>consecutivi a far data dalla precedente scadenza<\/strong> il beneficiario deve, candidare la domanda di partecipazione, corredata da tutta la documentazione (cfr. art. 11)<\/p>\n<p style=\"text-align: justify;\">In caso di spedizione fa fede il timbro postale<\/p>\n<p>I recapiti per l\u2019invio della documentazione sono i seguenti, invio con PEC: <a href=\"mailto:snaipsrbas@pec.regione.basilicata.it\"><strong>snaipsrbas@pec.regione.basilicata.it<\/strong><\/a><\/p>\n<p>Invio ordinario o consegna a mano: Dipartimento Politiche Agricole e Forestali \u2013 Ufficio Autorit\u00e0 di Gestione \u2013 Via Vincenzo Verrastro, 10 \u2013 85100 \u2013 POTENZA<\/p>\n<p style=\"text-align: left;\"><img loading=\"lazy\" decoding=\"async\" class=\"alignnone wp-image-11604\" src=\"https:\/\/europa.regione.basilicata.it\/feasr\/wp-content\/uploads\/2021\/10\/Informazioni.jpg\" alt=\"\" width=\"25\" height=\"25\" \/> <strong><span style=\"color: #f0a00b; font-size: 10pt;\">CONTATTI<\/span><\/strong> <img loading=\"lazy\" decoding=\"async\" class=\"alignnone size-full wp-image-11626\" src=\"https:\/\/europa.regione.basilicata.it\/feasr\/wp-content\/uploads\/2021\/10\/linea-gualla-Xsmall.jpg\" alt=\"\" width=\"1414\" height=\"8\" srcset=\"https:\/\/europa.regione.basilicata.it\/feasr\/wp-content\/uploads\/2021\/10\/linea-gualla-Xsmall.jpg 1414w, https:\/\/europa.regione.basilicata.it\/feasr\/wp-content\/uploads\/2021\/10\/linea-gualla-Xsmall-300x2.jpg 300w, https:\/\/europa.regione.basilicata.it\/feasr\/wp-content\/uploads\/2021\/10\/linea-gualla-Xsmall-768x4.jpg 768w, https:\/\/europa.regione.basilicata.it\/feasr\/wp-content\/uploads\/2021\/10\/linea-gualla-Xsmall-1024x6.jpg 1024w\" sizes=\"auto, (max-width: 1414px) 100vw, 1414px\" \/><\/p>\n<p><strong>Responsabile di misura:\u00a0<\/strong>dott. Vittorio Restaino<\/p>\n<p>tel.: 0971668660 mail:\u00a0<a href=\"mailto:vittorio.restaino@regione.basilicata.it\"><strong>vittorio.restaino@regione.basilicata.it<\/strong><\/a><\/p>\n<p><strong>Responsabile del procedimento:\u00a0<\/strong>ing. Paolo De Nictolis<\/p>\n<p>tel.: 0971668699 mail:\u00a0<a href=\"mailto:paolo.denictolis@regione.basilicata.it\"><strong>paolo.denictolis@regione.basilicata.it<\/strong><\/a><\/p>\n<p><strong>FAQ: <\/strong>Per informazioni e chiarimenti sul bando \u00e8 possibile inoltrare quesiti esclusivamente attraverso la specifica sezione nella piattaforma SIA-RB<\/p>\n<p style=\"text-align: left;\"><img loading=\"lazy\" decoding=\"async\" class=\"alignnone wp-image-11614\" src=\"https:\/\/europa.regione.basilicata.it\/feasr\/wp-content\/uploads\/2021\/10\/Aree-Intervento.jpg\" alt=\"\" width=\"25\" height=\"25\" \/> <strong><span style=\"color: #f0a00b; font-size: 10pt;\">DOCUMENTAZIONE DI INTERESSE<img loading=\"lazy\" decoding=\"async\" class=\"alignnone size-full wp-image-11626\" src=\"https:\/\/europa.regione.basilicata.it\/feasr\/wp-content\/uploads\/2021\/10\/linea-gualla-Xsmall.jpg\" alt=\"\" width=\"1414\" height=\"8\" srcset=\"https:\/\/europa.regione.basilicata.it\/feasr\/wp-content\/uploads\/2021\/10\/linea-gualla-Xsmall.jpg 1414w, https:\/\/europa.regione.basilicata.it\/feasr\/wp-content\/uploads\/2021\/10\/linea-gualla-Xsmall-300x2.jpg 300w, https:\/\/europa.regione.basilicata.it\/feasr\/wp-content\/uploads\/2021\/10\/linea-gualla-Xsmall-768x4.jpg 768w, https:\/\/europa.regione.basilicata.it\/feasr\/wp-content\/uploads\/2021\/10\/linea-gualla-Xsmall-1024x6.jpg 1024w\" sizes=\"auto, (max-width: 1414px) 100vw, 1414px\" \/><\/span><\/strong><\/p>\n<p style=\"text-align: justify;\"><a href=\"https:\/\/europa.regione.basilicata.it\/feasr\/wp-content\/uploads\/2022\/03\/Inserzione-1354.pdf\">Determinazione Dirigenziale n. 1354 del 5 dicembre 2022 Graduatoria Area MARMO PLATANO &#8211; Annullamento DD 1304\/2022 e revisione contributo concedibile<\/a><\/p>\n<p><a href=\"https:\/\/europa.regione.basilicata.it\/feasr\/wp-content\/uploads\/2022\/03\/Inserzione-1304.pdf\">Determinazione Dirigenziale n. 1304 del 27 novembre 2022 Graduatoria<\/a> <span style=\"color: #ff0000;\"><strong><span style=\"font-size: 8pt;\">ANNULLATA<\/span><\/strong><\/span><\/p>\n<p><a href=\"https:\/\/europa.regione.basilicata.it\/feasr\/wp-content\/uploads\/2022\/03\/Delibera-Giunta-Regionale-n.-142-del-25-marzo-2022-Approvazione-bando.pdf\">Delibera Giunta Regionale n. 142 del 25 marzo 2022 Approvazione bando<\/a><\/p>\n<p>Bollettino ufficiale n. 16 del 1 aprile 2022<\/p>\n<p style=\"text-align: left;\"><img loading=\"lazy\" decoding=\"async\" class=\"alignnone wp-image-11615\" src=\"https:\/\/europa.regione.basilicata.it\/feasr\/wp-content\/uploads\/2021\/10\/interventi.jpg\" alt=\"\" width=\"25\" height=\"25\" \/> <strong><span style=\"color: #f0a00b; font-size: 10pt;\">ALLEGATI <img loading=\"lazy\" decoding=\"async\" class=\"alignnone size-full wp-image-11626\" src=\"https:\/\/europa.regione.basilicata.it\/feasr\/wp-content\/uploads\/2021\/10\/linea-gualla-Xsmall.jpg\" alt=\"\" width=\"1414\" height=\"8\" srcset=\"https:\/\/europa.regione.basilicata.it\/feasr\/wp-content\/uploads\/2021\/10\/linea-gualla-Xsmall.jpg 1414w, https:\/\/europa.regione.basilicata.it\/feasr\/wp-content\/uploads\/2021\/10\/linea-gualla-Xsmall-300x2.jpg 300w, https:\/\/europa.regione.basilicata.it\/feasr\/wp-content\/uploads\/2021\/10\/linea-gualla-Xsmall-768x4.jpg 768w, https:\/\/europa.regione.basilicata.it\/feasr\/wp-content\/uploads\/2021\/10\/linea-gualla-Xsmall-1024x6.jpg 1024w\" sizes=\"auto, (max-width: 1414px) 100vw, 1414px\" \/><\/span><\/strong><\/p>\n<p><a href=\"https:\/\/europa.regione.basilicata.it\/feasr\/wp-content\/uploads\/2022\/03\/1.3_2022-BANDO.pdf\"><strong>BANDO<\/strong><\/a> con allegati 1 e 2<\/p>\n<p><strong><a href=\"https:\/\/europa.regione.basilicata.it\/feasr\/wp-content\/uploads\/2022\/03\/All-3-al-Bando.pdf\">Allegato 3<\/a><\/strong> &#8211; Scheda progetto ZOOPOVI Area Interna Marmo Platano<\/p>\n<p>&nbsp;<\/p>\n<p style=\"text-align: right;\"><span style=\"font-size: 8pt;\">Ultimo aggiornamento 1 gennaio 2023, ore 12:28<\/span><\/p>\n<p>[:]<\/p>\n","protected":false},"excerpt":{"rendered":"<p>[:it] AVVISO LEGALE: L&#8217;unico testo ufficiale e definitivo \u00e8 quello pubblicato sul Bollettino Ufficiale della Regione Basilicata (BURB) a mezzo<\/p>\n","protected":false},"author":6,"featured_media":4122,"comment_status":"closed","ping_status":"closed","sticky":false,"template":"","format":"standard","meta":{"colormag_page_container_layout":"default_layout","colormag_page_sidebar_layout":"default_layout","footnotes":""},"categories":[49],"tags":[],"class_list":["post-13811","post","type-post","status-publish","format-standard","has-post-thumbnail","hentry","category-bandi-scaduti"],"publishpress_future_action":{"enabled":false,"date":"2026-09-10 15:27:47","action":"change-status","newStatus":"draft","terms":[],"taxonomy":"category","extraData":[]},"publishpress_future_workflow_manual_trigger":{"enabledWorkflows":[]},"_links":{"self":[{"href":"https:\/\/europa.regione.basilicata.it\/feasr\/wp-json\/wp\/v2\/posts\/13811","targetHints":{"allow":["GET"]}}],"collection":[{"href":"https:\/\/europa.regione.basilicata.it\/feasr\/wp-json\/wp\/v2\/posts"}],"about":[{"href":"https:\/\/europa.regione.basilicata.it\/feasr\/wp-json\/wp\/v2\/types\/post"}],"author":[{"embeddable":true,"href":"https:\/\/europa.regione.basilicata.it\/feasr\/wp-json\/wp\/v2\/users\/6"}],"replies":[{"embeddable":true,"href":"https:\/\/europa.regione.basilicata.it\/feasr\/wp-json\/wp\/v2\/comments?post=13811"}],"version-history":[{"count":17,"href":"https:\/\/europa.regione.basilicata.it\/feasr\/wp-json\/wp\/v2\/posts\/13811\/revisions"}],"predecessor-version":[{"id":16328,"href":"https:\/\/europa.regione.basilicata.it\/feasr\/wp-json\/wp\/v2\/posts\/13811\/revisions\/16328"}],"wp:featuredmedia":[{"embeddable":true,"href":"https:\/\/europa.regione.basilicata.it\/feasr\/wp-json\/wp\/v2\/media\/4122"}],"wp:attachment":[{"href":"https:\/\/europa.regione.basilicata.it\/feasr\/wp-json\/wp\/v2\/media?parent=13811"}],"wp:term":[{"taxonomy":"category","embeddable":true,"href":"https:\/\/europa.regione.basilicata.it\/feasr\/wp-json\/wp\/v2\/categories?post=13811"},{"taxonomy":"post_tag","embeddable":true,"href":"https:\/\/europa.regione.basilicata.it\/feasr\/wp-json\/wp\/v2\/tags?post=13811"}],"curies":[{"name":"wp","href":"https:\/\/api.w.org\/{rel}","templated":true}]}}