{"id":14478,"date":"2022-07-01T18:05:49","date_gmt":"2022-07-01T16:05:49","guid":{"rendered":"http:\/\/europa.basilicata.it\/feasr\/?p=14478"},"modified":"2022-07-01T18:34:04","modified_gmt":"2022-07-01T16:34:04","slug":"faq-misura-4-1-bando-2022-aggiornamento2","status":"publish","type":"post","link":"https:\/\/europa.regione.basilicata.it\/feasr\/faq-misura-4-1-bando-2022-aggiornamento2\/","title":{"rendered":"Misura 4.1 Investimenti nelle Aziende agricole, FAQ pubblicati quattro nuovi quesiti"},"content":{"rendered":"<p>[:it]<\/p>\n<p style=\"text-align: justify;\">Il responsabile del Procedimento della Misura 4.1 Investimenti nelle Aziende agricole, informa i potenziali beneficiari che nella raccolta FAQ sono state pubblicate quattro nuove risposte, il cui riferimento \u00e8 10F, 11C, 17B e 25<\/p>\n<p>Si prega di leggere tutte le risposte gi\u00e0 formulate prima di inoltrare un nuovo quesito<\/p>\n<p>&nbsp;<\/p>\n<table style=\"width: 781px;\">\n<tbody>\n<tr>\n<td style=\"width: 781px; border-color: #0000ff;\"><strong>D.10f \u2013 I vincoli legati alla complementarit\u00e0 per il miele significano che gli acquisti indicati in quella parte non sono ammissibili?<\/strong><\/p>\n<p>R10f: L\u2019OCM miele finanzia acquisto arnie e sciami, presidi sanitari, analisi del miele e relativa assistenza tecnica. Tali investimenti non sono quindi ammissibili sul presente Band<\/td>\n<\/tr>\n<\/tbody>\n<\/table>\n<p>&nbsp;<\/p>\n<table style=\"width: 781px;\">\n<tbody>\n<tr>\n<td style=\"width: 781px; border-color: #0000ff;\">\n<p style=\"text-align: justify;\"><strong>D.11c \u2013 Un\u2019azienda agricola vorrebbe ammodernare un impianto irriguo in connessione con una vasca di accumulo gi\u00e0 esistente. Pu\u00f2 essere attribuito il punteggio relativo agli investimenti finalizzati alla gestione pi\u00f9 efficiente della risorsa idrica visto che la vasca \u00e8 gi\u00e0 presente?<\/strong><\/p>\n<p>R11c: Si, a condizione che l\u2019impianto di irrigazione sia riammodernato secondo le specifiche indicate nel criterio di selezione. Articolo 8 \u2013 Criteri di selezione \u2013 Principio Investimenti finalizzati alla gestione pi\u00f9 efficiente della risorsa idrica del Bando<\/td>\n<\/tr>\n<\/tbody>\n<\/table>\n<p>&nbsp;<\/p>\n<table style=\"width: 781px;\">\n<tbody>\n<tr>\n<td style=\"width: 781px; border-color: #0000ff;\">\n<p style=\"text-align: justify;\"><strong>D.17b \u2013 Un agricoltore che ha aderito al biologico ed avr\u00e0 la relativa certificazione prima della scadenza della seconda FASE pu\u00f2 accedere al punteggio con il Giustificativo, salvo integrare poi alla certificazione in tempo per la Fase 2?<\/strong><\/p>\n<p>R17b: NO. Articolo 8 \u2013 Criteri di selezione \u2013 Principio \u2013 Azienda Biologica \u2013 del Bando<\/td>\n<\/tr>\n<\/tbody>\n<\/table>\n<p>&nbsp;<\/p>\n<table style=\"width: 781px;\">\n<tbody>\n<tr>\n<td style=\"width: 781px; border-color: #0000ff;\">\n<p style=\"text-align: justify;\"><strong>D.25 \u2013 L\u2019utilizzo del SIAN per le richieste di preventivi \u00e8 obbligatorio anche per beni di piccola entit\u00e0 (meno di 1.000 euro)?<\/strong><\/p>\n<p>R25: Si, tutte le richieste di preventivo andranno effettuate mediante il SIAN<\/td>\n<\/tr>\n<\/tbody>\n<\/table>\n<p>[:]<\/p>\n","protected":false},"excerpt":{"rendered":"<p>[:it] Il responsabile del Procedimento della Misura 4.1 Investimenti nelle Aziende agricole, informa i potenziali beneficiari che nella raccolta FAQ<\/p>\n","protected":false},"author":6,"featured_media":12972,"comment_status":"closed","ping_status":"closed","sticky":false,"template":"","format":"standard","meta":{"colormag_page_container_layout":"default_layout","colormag_page_sidebar_layout":"default_layout","footnotes":""},"categories":[51,15,16],"tags":[],"class_list":["post-14478","post","type-post","status-publish","format-standard","has-post-thumbnail","hentry","category-faq","category-in-evidenza","category-news"],"publishpress_future_action":{"enabled":false,"date":"2026-09-08 05:03:28","action":"change-status","newStatus":"draft","terms":[],"taxonomy":"category","extraData":[]},"publishpress_future_workflow_manual_trigger":{"enabledWorkflows":[]},"_links":{"self":[{"href":"https:\/\/europa.regione.basilicata.it\/feasr\/wp-json\/wp\/v2\/posts\/14478","targetHints":{"allow":["GET"]}}],"collection":[{"href":"https:\/\/europa.regione.basilicata.it\/feasr\/wp-json\/wp\/v2\/posts"}],"about":[{"href":"https:\/\/europa.regione.basilicata.it\/feasr\/wp-json\/wp\/v2\/types\/post"}],"author":[{"embeddable":true,"href":"https:\/\/europa.regione.basilicata.it\/feasr\/wp-json\/wp\/v2\/users\/6"}],"replies":[{"embeddable":true,"href":"https:\/\/europa.regione.basilicata.it\/feasr\/wp-json\/wp\/v2\/comments?post=14478"}],"version-history":[{"count":5,"href":"https:\/\/europa.regione.basilicata.it\/feasr\/wp-json\/wp\/v2\/posts\/14478\/revisions"}],"predecessor-version":[{"id":14483,"href":"https:\/\/europa.regione.basilicata.it\/feasr\/wp-json\/wp\/v2\/posts\/14478\/revisions\/14483"}],"wp:featuredmedia":[{"embeddable":true,"href":"https:\/\/europa.regione.basilicata.it\/feasr\/wp-json\/wp\/v2\/media\/12972"}],"wp:attachment":[{"href":"https:\/\/europa.regione.basilicata.it\/feasr\/wp-json\/wp\/v2\/media?parent=14478"}],"wp:term":[{"taxonomy":"category","embeddable":true,"href":"https:\/\/europa.regione.basilicata.it\/feasr\/wp-json\/wp\/v2\/categories?post=14478"},{"taxonomy":"post_tag","embeddable":true,"href":"https:\/\/europa.regione.basilicata.it\/feasr\/wp-json\/wp\/v2\/tags?post=14478"}],"curies":[{"name":"wp","href":"https:\/\/api.w.org\/{rel}","templated":true}]}}