{"id":16932,"date":"2023-06-27T17:13:19","date_gmt":"2023-06-27T15:13:19","guid":{"rendered":"http:\/\/europa.basilicata.it\/feasr\/2021-snai-7-4-avviso-speciale-aree-interne-alto-bradano-marmo-platano-copy\/"},"modified":"2023-12-01T08:33:43","modified_gmt":"2023-12-01T07:33:43","slug":"2023-snai-7-4-avviso-speciale-aree-interne-alto-bradano-marmo-platano","status":"publish","type":"post","link":"https:\/\/europa.regione.basilicata.it\/feasr\/2023-snai-7-4-avviso-speciale-aree-interne-alto-bradano-marmo-platano\/","title":{"rendered":"[SNAI] Bando Misura 7.4 Investimenti per la creazione, modernizzazione e estensione dei servizi di base per le popolazioni rurali &#8211; Avviso Speciale Aree Interne Alto Bradano &#8211; Marmo Platano"},"content":{"rendered":"<p>[:it]<\/p>\n<p style=\"text-align: justify;\"><span style=\"font-size: 8pt;\"><span style=\"color: #ff0000;\"><strong>AVVISO LEGALE: <\/strong><\/span>L&#8217;unico testo ufficiale e definitivo \u00e8 quello pubblicato sul Bollettino Ufficiale della Regione Basilicata (BURB) a mezzo stampa, che prevale in casi di discordanza. La riproduzione dei testi forniti nel formato elettronico \u00e8 consentita purch\u00e9 venga menzionata la fonte, il carattere non autentico e gratuito. I Testi sono disponibili agli utenti al solo scopo informativo. La raccolta, per quanto vasta, \u00e8 frutto di una selezione redazionale. L\u2019Autorit\u00e0 di Gestione del Psr Basilicata, non \u00e8 responsabile di eventuali errori o imprecisioni, nonch\u00e9 di danni conseguenti ad azioni o determinazioni assunte in base alla consultazione del portale<\/span><\/p>\n<hr \/>\n<p><img loading=\"lazy\" decoding=\"async\" class=\"alignnone wp-image-11605\" src=\"https:\/\/europa.regione.basilicata.it\/feasr\/wp-content\/uploads\/2021\/10\/Gestore.jpg\" alt=\"\" width=\"25\" height=\"25\" \/> <strong><span style=\"color: #f0a00b; font-size: 10pt;\">SCHEDA BANDO<\/span><\/strong><\/p>\n<p><img loading=\"lazy\" decoding=\"async\" class=\"alignnone size-full wp-image-11626\" src=\"https:\/\/europa.regione.basilicata.it\/feasr\/wp-content\/uploads\/2021\/10\/linea-gualla-Xsmall.jpg\" alt=\"\" width=\"1414\" height=\"8\" srcset=\"https:\/\/europa.regione.basilicata.it\/feasr\/wp-content\/uploads\/2021\/10\/linea-gualla-Xsmall.jpg 1414w, https:\/\/europa.regione.basilicata.it\/feasr\/wp-content\/uploads\/2021\/10\/linea-gualla-Xsmall-300x2.jpg 300w, https:\/\/europa.regione.basilicata.it\/feasr\/wp-content\/uploads\/2021\/10\/linea-gualla-Xsmall-768x4.jpg 768w, https:\/\/europa.regione.basilicata.it\/feasr\/wp-content\/uploads\/2021\/10\/linea-gualla-Xsmall-1024x6.jpg 1024w\" sizes=\"auto, (max-width: 1414px) 100vw, 1414px\" \/><\/p>\n<table style=\"width: 783px;\">\n<tbody>\n<tr style=\"background-color: #ff0000;\">\n<td style=\"width: 783px; text-align: center;\"><span style=\"color: #ffffff; font-size: 10pt;\"><strong>\u00a0SCADENZA PROROGATA AL: 5 SETTEMBRE 2023 &#8211; ORE 14:00<\/strong><\/span><\/td>\n<\/tr>\n<\/tbody>\n<\/table>\n<p style=\"text-align: justify;\"><span style=\"color: #f0a00b;\"><strong>MISURA 7 \u2022 SERVIZI DI BASE E RINNOVAMENTO DEI VILLAGGI NELLE ZONE RURALI<\/strong><\/span><\/p>\n<p style=\"text-align: justify;\"><span style=\"color: #f0a00b;\"><strong>SOTTOMISURA 7.4 \u2022 Investimenti per la creazione, modernizzazione e estensione dei servizi di base per le popolazioni rurali<\/strong><\/span><\/p>\n<p><img loading=\"lazy\" decoding=\"async\" class=\"alignnone wp-image-11606\" src=\"https:\/\/europa.regione.basilicata.it\/feasr\/wp-content\/uploads\/2021\/10\/Obiettivo.png\" alt=\"\" width=\"26\" height=\"26\" \/> <strong><span style=\"color: #f0a00b; font-size: 10pt;\">OBIETTIVO<\/span><\/strong><\/p>\n<p><img loading=\"lazy\" decoding=\"async\" class=\"alignnone size-full wp-image-11626\" src=\"https:\/\/europa.regione.basilicata.it\/feasr\/wp-content\/uploads\/2021\/10\/linea-gualla-Xsmall.jpg\" alt=\"\" width=\"1414\" height=\"8\" srcset=\"https:\/\/europa.regione.basilicata.it\/feasr\/wp-content\/uploads\/2021\/10\/linea-gualla-Xsmall.jpg 1414w, https:\/\/europa.regione.basilicata.it\/feasr\/wp-content\/uploads\/2021\/10\/linea-gualla-Xsmall-300x2.jpg 300w, https:\/\/europa.regione.basilicata.it\/feasr\/wp-content\/uploads\/2021\/10\/linea-gualla-Xsmall-768x4.jpg 768w, https:\/\/europa.regione.basilicata.it\/feasr\/wp-content\/uploads\/2021\/10\/linea-gualla-Xsmall-1024x6.jpg 1024w\" sizes=\"auto, (max-width: 1414px) 100vw, 1414px\" \/><\/p>\n<p>Aumentare l\u2019accessibilit\u00e0 ai servizi per la popolazione e le imprese delle aree rurali<\/p>\n<p><img loading=\"lazy\" decoding=\"async\" class=\"alignnone wp-image-11607\" src=\"https:\/\/europa.regione.basilicata.it\/feasr\/wp-content\/uploads\/2021\/10\/stanziamento.jpg\" alt=\"\" width=\"25\" height=\"25\" \/> <strong><span style=\"color: #f0a00b; font-size: 10pt;\">DOTAZIONE, FORMA E INTENSIT\u00c0 DELL&#8217;AIUTO<\/span><\/strong><\/p>\n<p><img loading=\"lazy\" decoding=\"async\" class=\"alignnone size-full wp-image-11626\" src=\"https:\/\/europa.regione.basilicata.it\/feasr\/wp-content\/uploads\/2021\/10\/linea-gualla-Xsmall.jpg\" alt=\"\" width=\"1414\" height=\"8\" srcset=\"https:\/\/europa.regione.basilicata.it\/feasr\/wp-content\/uploads\/2021\/10\/linea-gualla-Xsmall.jpg 1414w, https:\/\/europa.regione.basilicata.it\/feasr\/wp-content\/uploads\/2021\/10\/linea-gualla-Xsmall-300x2.jpg 300w, https:\/\/europa.regione.basilicata.it\/feasr\/wp-content\/uploads\/2021\/10\/linea-gualla-Xsmall-768x4.jpg 768w, https:\/\/europa.regione.basilicata.it\/feasr\/wp-content\/uploads\/2021\/10\/linea-gualla-Xsmall-1024x6.jpg 1024w\" sizes=\"auto, (max-width: 1414px) 100vw, 1414px\" \/><\/p>\n<p><strong>Dotazione finanziaria<\/strong> complessiva del presente avviso ammonta ad \u20ac 1.350.750,00 che sulla base degli Accordi di Programma delle due aree, \u00e8 cos\u00ec ripartita:<\/p>\n<p>AREA ALTO BRADANO: \u20ac 644.750,00 \u2022 AREA MARMO PLATANO: \u20ac 706.000,00<\/p>\n<p><strong>Forma e intensit\u00e0 dell&#8217;aiuto:<\/strong><\/p>\n<p style=\"text-align: justify;\">Il massimale d\u2019investimento \u00e8 pari ad \u20ac 120.000,00 (IVA inclusa). Il contributo sar\u00e0 concesso in conto capitale, con una intensit\u00e0 di aiuto pari al 100% dell\u2019investimento ammesso<\/p>\n<p><img loading=\"lazy\" decoding=\"async\" class=\"alignnone wp-image-11608\" src=\"https:\/\/europa.regione.basilicata.it\/feasr\/wp-content\/uploads\/2021\/10\/beneficiari.jpg\" alt=\"\" width=\"25\" height=\"25\" \/> <strong><span style=\"color: #f0a00b; font-size: 10pt;\">BENEFICIARI E AMBITO TERRITORIALE<\/span><\/strong><\/p>\n<p><strong><span style=\"color: #f0a00b; font-size: 10pt;\"><img loading=\"lazy\" decoding=\"async\" class=\"alignnone size-full wp-image-11626\" src=\"https:\/\/europa.regione.basilicata.it\/feasr\/wp-content\/uploads\/2021\/10\/linea-gualla-Xsmall.jpg\" alt=\"\" width=\"1414\" height=\"8\" srcset=\"https:\/\/europa.regione.basilicata.it\/feasr\/wp-content\/uploads\/2021\/10\/linea-gualla-Xsmall.jpg 1414w, https:\/\/europa.regione.basilicata.it\/feasr\/wp-content\/uploads\/2021\/10\/linea-gualla-Xsmall-300x2.jpg 300w, https:\/\/europa.regione.basilicata.it\/feasr\/wp-content\/uploads\/2021\/10\/linea-gualla-Xsmall-768x4.jpg 768w, https:\/\/europa.regione.basilicata.it\/feasr\/wp-content\/uploads\/2021\/10\/linea-gualla-Xsmall-1024x6.jpg 1024w\" sizes=\"auto, (max-width: 1414px) 100vw, 1414px\" \/><\/span><\/strong><\/p>\n<p><strong>Beneficiari<\/strong>:<\/p>\n<p>Le amministrazioni comunali riferite agli ambiti amministrativi di riferimento<\/p>\n<p>&nbsp;<\/p>\n<p style=\"text-align: justify;\">Area interna <strong>MARMO PLATANO: <\/strong>Comuni di Baragiano, Balvano, Bella, Castelgrande, Muro Lucano, Pescopagano e Ruoti<\/p>\n<p>Area interna <strong>ALTO BRADANO:<\/strong> Comuni di Acerenza, Banzi, Forenza, Genzano di Lucania, Oppido Lucano, Palazzo San Gervasio, San Chirico Nuovo e Tolve<\/p>\n<p><img loading=\"lazy\" decoding=\"async\" class=\"alignnone wp-image-11609\" src=\"https:\/\/europa.regione.basilicata.it\/feasr\/wp-content\/uploads\/2021\/10\/Aree-applicazione1.jpg\" alt=\"\" width=\"25\" height=\"25\" \/><strong><span style=\"color: #f0a00b; font-size: 10pt;\">CONDIZIONI DI AMMISSIBILIT\u00c0<\/span><\/strong><\/p>\n<p><strong><span style=\"color: #f0a00b; font-size: 10pt;\"><img loading=\"lazy\" decoding=\"async\" class=\"alignnone size-full wp-image-11626\" src=\"https:\/\/europa.regione.basilicata.it\/feasr\/wp-content\/uploads\/2021\/10\/linea-gualla-Xsmall.jpg\" alt=\"\" width=\"1414\" height=\"8\" srcset=\"https:\/\/europa.regione.basilicata.it\/feasr\/wp-content\/uploads\/2021\/10\/linea-gualla-Xsmall.jpg 1414w, https:\/\/europa.regione.basilicata.it\/feasr\/wp-content\/uploads\/2021\/10\/linea-gualla-Xsmall-300x2.jpg 300w, https:\/\/europa.regione.basilicata.it\/feasr\/wp-content\/uploads\/2021\/10\/linea-gualla-Xsmall-768x4.jpg 768w, https:\/\/europa.regione.basilicata.it\/feasr\/wp-content\/uploads\/2021\/10\/linea-gualla-Xsmall-1024x6.jpg 1024w\" sizes=\"auto, (max-width: 1414px) 100vw, 1414px\" \/><\/span><\/strong><\/p>\n<p style=\"text-align: justify;\">Presentazione di un progetto, almeno allo stadio di Studio di fattibilit\u00e0 Tecnico Economico, su aree nella disponibilit\u00e0 del beneficiario<\/p>\n<p><img loading=\"lazy\" decoding=\"async\" class=\"alignnone wp-image-11612\" src=\"https:\/\/europa.regione.basilicata.it\/feasr\/wp-content\/uploads\/2021\/10\/spese-amm.jpg\" alt=\"\" width=\"25\" height=\"25\" \/> <strong><span style=\"color: #f0a00b; font-size: 10pt;\">AZIONI E SPESA AMMISSIBILE<\/span><\/strong><\/p>\n<p><strong><span style=\"color: #f0a00b; font-size: 10pt;\"><img loading=\"lazy\" decoding=\"async\" class=\"alignnone size-full wp-image-11626\" src=\"https:\/\/europa.regione.basilicata.it\/feasr\/wp-content\/uploads\/2021\/10\/linea-gualla-Xsmall.jpg\" alt=\"\" width=\"1414\" height=\"8\" srcset=\"https:\/\/europa.regione.basilicata.it\/feasr\/wp-content\/uploads\/2021\/10\/linea-gualla-Xsmall.jpg 1414w, https:\/\/europa.regione.basilicata.it\/feasr\/wp-content\/uploads\/2021\/10\/linea-gualla-Xsmall-300x2.jpg 300w, https:\/\/europa.regione.basilicata.it\/feasr\/wp-content\/uploads\/2021\/10\/linea-gualla-Xsmall-768x4.jpg 768w, https:\/\/europa.regione.basilicata.it\/feasr\/wp-content\/uploads\/2021\/10\/linea-gualla-Xsmall-1024x6.jpg 1024w\" sizes=\"auto, (max-width: 1414px) 100vw, 1414px\" \/><\/span><\/strong><\/p>\n<p style=\"text-align: justify;\">Coerentemente alla vigente versione del programma (Versione n\u00b0 11 &#8211; Decisione di esecuzione C(2023) 1081 final del 9 febbraio 2023) i progetti potranno essere riferiti a:<\/p>\n<p>a) Asili nido, strutture per l\u2019infanzia a gestione comunale, ivi comprese le scuole pubbliche primarie<\/p>\n<p>b) Attivit\u00e0 culturali e ricreative: sport e tempo libero, biblioteche, ludoteche, centri polivalenti, locali per coworking<\/p>\n<p>c) Servizi alla persona: teleassistenza, telesoccorso e strutture per il sostegno e la gestione dell\u2019invecchiamento attivo<\/p>\n<p>d) Punti liberi di accesso alla rete (Hot-spot WiFi)<\/p>\n<p>e) Mezzi mobili per il trasporto pubblico fino ad un massimo di 20 posti utili<\/p>\n<p>f) Strutture per la gestione del randagismo canino<\/p>\n<p>g) Investimenti per la realizzazione di impianti di illuminazione a basso consumo, in particolare:<\/p>\n<p style=\"padding-left: 40px;\">\u25aa strutture di sostegno, lampade, alimentatori e corpi illuminanti<br \/>\n\u25aa sistemi automatici di accensione e spegnimento dei punti luce (ad es. sensori automatici, relais crepuscolari, sistemi di regolazione del flusso, ecc.)<br \/>\n\u25aa eventuali sistemi di telecontrollo e gestione della rete di illuminazione<\/p>\n<p style=\"text-align: justify;\">h) Spese generali, quali spese tecnico \u2013 progettuali, costi per rilascio di autorizzazioni e nulla osta fino al 10% della spesa ammessa<\/p>\n<p>i)\u00a0 Cartellonistica obbligatoria fino ad un massimo di \u20ac 250,00<\/p>\n<p><strong><img loading=\"lazy\" decoding=\"async\" class=\"alignnone wp-image-11613\" src=\"https:\/\/europa.regione.basilicata.it\/feasr\/wp-content\/uploads\/2021\/10\/domanda.jpg\" alt=\"\" width=\"25\" height=\"25\" \/><span style=\"color: #f0a00b; font-size: 10pt;\">PRESENTAZIONE DOMANDA<\/span><\/strong><\/p>\n<p><strong><span style=\"color: #f0a00b; font-size: 10pt;\"><img loading=\"lazy\" decoding=\"async\" class=\"alignnone size-full wp-image-11626\" src=\"https:\/\/europa.regione.basilicata.it\/feasr\/wp-content\/uploads\/2021\/10\/linea-gualla-Xsmall.jpg\" alt=\"\" width=\"1414\" height=\"8\" srcset=\"https:\/\/europa.regione.basilicata.it\/feasr\/wp-content\/uploads\/2021\/10\/linea-gualla-Xsmall.jpg 1414w, https:\/\/europa.regione.basilicata.it\/feasr\/wp-content\/uploads\/2021\/10\/linea-gualla-Xsmall-300x2.jpg 300w, https:\/\/europa.regione.basilicata.it\/feasr\/wp-content\/uploads\/2021\/10\/linea-gualla-Xsmall-768x4.jpg 768w, https:\/\/europa.regione.basilicata.it\/feasr\/wp-content\/uploads\/2021\/10\/linea-gualla-Xsmall-1024x6.jpg 1024w\" sizes=\"auto, (max-width: 1414px) 100vw, 1414px\" \/><\/span><\/strong><\/p>\n<p><strong>Modalit\u00e0 di presentazione della domanda:<\/strong><\/p>\n<p>La presentazione della domanda di partecipazione al Bando si distingue nelle seguenti due fasi:<\/p>\n<p style=\"text-align: justify;\"><strong>1.<\/strong> <strong>RILASCIO DELLA DOMANDA DI SOSTEGNO SUL PORTALE SIAN<\/strong><\/p>\n<p style=\"text-align: justify;\">La domanda di sostegno deve essere rilasciata a SIAN <strong>entro<\/strong> <strong>quarantacinque giorni<\/strong> consecutivi a far data dalla pubblicazione sul BURB. Qualora il giorno di scadenza cada in un festivo o prefestivo, la scadenza \u00e8 automaticamente prorogata al primo giorno lavorativo successivo<\/p>\n<p><span style=\"color: #ff0000;\"><strong>SCADENZA PROROGATA AL 5 SETTEMBRE 2023, ORE 14:00<\/strong><\/span><\/p>\n<p style=\"text-align: justify;\"><strong>2. PRESENTAZIONE DELLA CANDIDATURE<\/strong><\/p>\n<p style=\"text-align: justify;\">Il beneficiario deve, candidare la domanda di partecipazione, corredata da tutta la documentazione (cfr. art. 11). In caso di spedizione fa fede il timbro postale. Nel caso il giorno sia un festivo o prefestivo vale quanto gi\u00e0 previsto sopra<\/p>\n<p><span style=\"color: #ff0000;\"><strong>SCADENZA PROROGATA ALL&#8217;11 SETTEMBRE 2023, ORE 14:00<\/strong><\/span><\/p>\n<table style=\"width: 768px;\">\n<tbody>\n<tr>\n<td style=\"width: 768px; border-color: #0000ff;\"><span style=\"font-size: 10pt; color: #0000ff;\"><strong>La MODALIT\u00c0 DI PRESENTAZIONE DELLA DOMANDA (Art. 10) \u00e8 stata rettificata con la DGR 448\/2023<\/strong><\/span><\/td>\n<\/tr>\n<\/tbody>\n<\/table>\n<p style=\"text-align: justify;\"><span style=\"color: #0000ff;\"><strong>ENTRO LE ORE 16:00 DEL QUINTO GIORNO<\/strong> <\/span>successivo alla scadenza del termine di rilascio della domanda di sostegno sul portale SIAN, il richiedente deve, a pena di esclusione, trasmettere copia della domanda di partecipazione, corredata da tutta la documentazione essenziale richiesta ed elencata nel successivo art. 11 attraverso la piattaforma informatica SIA-RB<\/p>\n<p style=\"text-align: justify;\"><span style=\"color: #0000ff;\"><strong>\u25ba OGNI ISTANZA PRESENTATA CON MEZZO DIVERSO (ANCHE PEC, E-MAIL O CARTACEO) <span style=\"color: #0000ff;\">SAR\u00c0<\/span> CONSIDERATA IRRICEVIBILE<\/strong><\/span><\/p>\n<p><img loading=\"lazy\" decoding=\"async\" class=\"alignnone wp-image-11604\" src=\"https:\/\/europa.regione.basilicata.it\/feasr\/wp-content\/uploads\/2021\/10\/Informazioni.jpg\" alt=\"\" width=\"25\" height=\"25\" \/> <strong><span style=\"color: #f0a00b; font-size: 10pt;\">CONTATTI<\/span><\/strong><\/p>\n<p><img loading=\"lazy\" decoding=\"async\" class=\"alignnone size-full wp-image-11626\" src=\"https:\/\/europa.regione.basilicata.it\/feasr\/wp-content\/uploads\/2021\/10\/linea-gualla-Xsmall.jpg\" alt=\"\" width=\"1414\" height=\"8\" srcset=\"https:\/\/europa.regione.basilicata.it\/feasr\/wp-content\/uploads\/2021\/10\/linea-gualla-Xsmall.jpg 1414w, https:\/\/europa.regione.basilicata.it\/feasr\/wp-content\/uploads\/2021\/10\/linea-gualla-Xsmall-300x2.jpg 300w, https:\/\/europa.regione.basilicata.it\/feasr\/wp-content\/uploads\/2021\/10\/linea-gualla-Xsmall-768x4.jpg 768w, https:\/\/europa.regione.basilicata.it\/feasr\/wp-content\/uploads\/2021\/10\/linea-gualla-Xsmall-1024x6.jpg 1024w\" sizes=\"auto, (max-width: 1414px) 100vw, 1414px\" \/><\/p>\n<p><strong>Responsabile di misura:\u00a0<\/strong>dott. Vittorio Restaino<\/p>\n<p>tel.: 0971668660 mail: <a href=\"mailto:vittorio.restaino@regione.basilicata.it\"><strong>vittorio.restaino@regione.basilicata.it<\/strong><\/a><\/p>\n<p><strong>Responsabile del procedimento:\u00a0<\/strong>ing. Paolo De Nictolis<\/p>\n<p>tel.: 0971668699 mail:\u00a0<a href=\"mailto:paolo.denictolis@regione.basilicata.it\"><strong>paolo.denictolis@regione.basilicata.it<\/strong><\/a><\/p>\n<p style=\"text-align: justify;\"><strong>FAQ: <\/strong>Per informazioni e chiarimenti sul bando \u00e8 possibile inoltrare quesiti esclusivamente attraverso la specifica sezione nella piattaforma SIA-RB<\/p>\n<p style=\"text-align: left;\"><img loading=\"lazy\" decoding=\"async\" class=\"alignnone wp-image-11614\" src=\"https:\/\/europa.regione.basilicata.it\/feasr\/wp-content\/uploads\/2021\/10\/Aree-Intervento.jpg\" alt=\"\" width=\"25\" height=\"25\" \/> <strong><span style=\"color: #f0a00b; font-size: 10pt;\">DOCUMENTAZIONE DI INTERESSE<\/span><\/strong><img loading=\"lazy\" decoding=\"async\" class=\"alignnone size-full wp-image-11626\" src=\"https:\/\/europa.regione.basilicata.it\/feasr\/wp-content\/uploads\/2021\/10\/linea-gualla-Xsmall.jpg\" alt=\"\" width=\"1414\" height=\"8\" srcset=\"https:\/\/europa.regione.basilicata.it\/feasr\/wp-content\/uploads\/2021\/10\/linea-gualla-Xsmall.jpg 1414w, https:\/\/europa.regione.basilicata.it\/feasr\/wp-content\/uploads\/2021\/10\/linea-gualla-Xsmall-300x2.jpg 300w, https:\/\/europa.regione.basilicata.it\/feasr\/wp-content\/uploads\/2021\/10\/linea-gualla-Xsmall-768x4.jpg 768w, https:\/\/europa.regione.basilicata.it\/feasr\/wp-content\/uploads\/2021\/10\/linea-gualla-Xsmall-1024x6.jpg 1024w\" sizes=\"auto, (max-width: 1414px) 100vw, 1414px\" \/><\/p>\n<p><a href=\"https:\/\/europa.regione.basilicata.it\/feasr\/wp-content\/uploads\/2023\/06\/Determinazione-Dirigenziale-n.-956-del-17-novembre-2023-Rettifica-DD956-23-nuova-graduatoria.pdf\">Determinazione Dirigenziale n. 956 del 17 novembre 2023 Rettifica DD884\/23 nuova graduatoria Area Marmo Platano<\/a><\/p>\n<p><a href=\"https:\/\/europa.regione.basilicata.it\/feasr\/wp-content\/uploads\/2023\/06\/Determinazione-Dirigenziale-n.-908-del-8-novembre-2023-Graduatoria-Alto-Bradano.pdf\">Determinazione Dirigenziale n. 908 del 7 novembre 2023 Approvazione graduatoria Area Alto Bradano<\/a><\/p>\n<p><a href=\"https:\/\/europa.regione.basilicata.it\/feasr\/wp-content\/uploads\/2023\/06\/Determinazione-Dirigenziale-n.-844-del-26-ottobre-2023-Approvazione-graduatoria.pdf\">Determinazione Dirigenziale n. 844 del 26 ottobre 2023 Approvazione graduatoria Area Marmo Platano<\/a><\/p>\n<p><a href=\"https:\/\/europa.regione.basilicata.it\/feasr\/wp-content\/uploads\/2023\/06\/Delibera-Giunta-Regionale-n.-448-del-28-luglio-2023-Proroga-e-modifica-invio-documentazione.pdf\">Delibera Giunta Regionale n. 448 del 28 luglio 2023 Proroga e modifica invio documentazione<\/a><\/p>\n<p><a href=\"https:\/\/europa.regione.basilicata.it\/feasr\/wp-content\/uploads\/2023\/06\/Delibera-Giunta-Regionale-n.-381-del-26-giugno-2023-Approvazione-bando.pdf\">Delibera Giunta Regionale n. 381 del 26 giugno 2023 Approvazione bando<\/a><\/p>\n<p>Bollettino ufficiale n. 38 del 1 luglio 2023<\/p>\n<p><img loading=\"lazy\" decoding=\"async\" class=\"alignnone wp-image-11615\" src=\"https:\/\/europa.regione.basilicata.it\/feasr\/wp-content\/uploads\/2021\/10\/interventi.jpg\" alt=\"\" width=\"25\" height=\"25\" \/> <strong><span style=\"color: #f0a00b; font-size: 10pt;\">ALLEGATI<\/span><\/strong><\/p>\n<p><strong><span style=\"color: #f0a00b; font-size: 10pt;\"><img loading=\"lazy\" decoding=\"async\" class=\"alignnone size-full wp-image-11626\" src=\"https:\/\/europa.regione.basilicata.it\/feasr\/wp-content\/uploads\/2021\/10\/linea-gualla-Xsmall.jpg\" alt=\"\" width=\"1414\" height=\"8\" srcset=\"https:\/\/europa.regione.basilicata.it\/feasr\/wp-content\/uploads\/2021\/10\/linea-gualla-Xsmall.jpg 1414w, https:\/\/europa.regione.basilicata.it\/feasr\/wp-content\/uploads\/2021\/10\/linea-gualla-Xsmall-300x2.jpg 300w, https:\/\/europa.regione.basilicata.it\/feasr\/wp-content\/uploads\/2021\/10\/linea-gualla-Xsmall-768x4.jpg 768w, https:\/\/europa.regione.basilicata.it\/feasr\/wp-content\/uploads\/2021\/10\/linea-gualla-Xsmall-1024x6.jpg 1024w\" sizes=\"auto, (max-width: 1414px) 100vw, 1414px\" \/><\/span><\/strong><\/p>\n<p><a href=\"https:\/\/europa.regione.basilicata.it\/feasr\/wp-content\/uploads\/2023\/06\/Bando-7.4-SNAI-2023-Aree-AB-ed-MP.pdf\"><strong>BANDO<\/strong><\/a><\/p>\n<p><strong><a href=\"https:\/\/europa.regione.basilicata.it\/feasr\/wp-content\/uploads\/2023\/06\/Allegato-1-Format-Quadro-Economico.pdf\">Allegato 1 &#8211; Format Quadro Economico<\/a><\/strong><\/p>\n<p><a href=\"https:\/\/europa.regione.basilicata.it\/feasr\/wp-content\/uploads\/2023\/06\/Allegato-2-Piano-dei-Fabbisogni-delle-Spese-tecniche.pdf\"><strong>Allegato 2 &#8211; Piano dei Fabbisogni delle Spese tecniche<\/strong><\/a><\/p>\n<p><a href=\"https:\/\/europa.regione.basilicata.it\/feasr\/wp-content\/uploads\/2023\/06\/Allegato-3-Eventuale-cumulo-aiuti.pdf\"><strong>Allegato 3 &#8211; Eventuale cumulo aiuti<\/strong><\/a><\/p>\n<p style=\"text-align: right;\"><span style=\"font-size: 8pt;\">Ultimo aggiornamento 1 dicembre 2023, ore 8:23<\/span><\/p>\n<p>[:]<\/p>\n","protected":false},"excerpt":{"rendered":"<p>[:it] AVVISO LEGALE: L&#8217;unico testo ufficiale e definitivo \u00e8 quello pubblicato sul Bollettino Ufficiale della Regione Basilicata (BURB) a mezzo<\/p>\n","protected":false},"author":6,"featured_media":4122,"comment_status":"closed","ping_status":"closed","sticky":false,"template":"","format":"standard","meta":{"colormag_page_container_layout":"default_layout","colormag_page_sidebar_layout":"default_layout","footnotes":""},"categories":[49],"tags":[],"class_list":["post-16932","post","type-post","status-publish","format-standard","has-post-thumbnail","hentry","category-bandi-scaduti"],"publishpress_future_action":{"enabled":false,"date":"2026-09-09 18:52:23","action":"change-status","newStatus":"draft","terms":[],"taxonomy":"category","extraData":[]},"publishpress_future_workflow_manual_trigger":{"enabledWorkflows":[]},"_links":{"self":[{"href":"https:\/\/europa.regione.basilicata.it\/feasr\/wp-json\/wp\/v2\/posts\/16932","targetHints":{"allow":["GET"]}}],"collection":[{"href":"https:\/\/europa.regione.basilicata.it\/feasr\/wp-json\/wp\/v2\/posts"}],"about":[{"href":"https:\/\/europa.regione.basilicata.it\/feasr\/wp-json\/wp\/v2\/types\/post"}],"author":[{"embeddable":true,"href":"https:\/\/europa.regione.basilicata.it\/feasr\/wp-json\/wp\/v2\/users\/6"}],"replies":[{"embeddable":true,"href":"https:\/\/europa.regione.basilicata.it\/feasr\/wp-json\/wp\/v2\/comments?post=16932"}],"version-history":[{"count":19,"href":"https:\/\/europa.regione.basilicata.it\/feasr\/wp-json\/wp\/v2\/posts\/16932\/revisions"}],"predecessor-version":[{"id":18243,"href":"https:\/\/europa.regione.basilicata.it\/feasr\/wp-json\/wp\/v2\/posts\/16932\/revisions\/18243"}],"wp:featuredmedia":[{"embeddable":true,"href":"https:\/\/europa.regione.basilicata.it\/feasr\/wp-json\/wp\/v2\/media\/4122"}],"wp:attachment":[{"href":"https:\/\/europa.regione.basilicata.it\/feasr\/wp-json\/wp\/v2\/media?parent=16932"}],"wp:term":[{"taxonomy":"category","embeddable":true,"href":"https:\/\/europa.regione.basilicata.it\/feasr\/wp-json\/wp\/v2\/categories?post=16932"},{"taxonomy":"post_tag","embeddable":true,"href":"https:\/\/europa.regione.basilicata.it\/feasr\/wp-json\/wp\/v2\/tags?post=16932"}],"curies":[{"name":"wp","href":"https:\/\/api.w.org\/{rel}","templated":true}]}}