{"id":3548,"date":"2018-05-09T09:04:31","date_gmt":"2018-05-09T07:04:31","guid":{"rendered":"http:\/\/europa.basilicata.it\/feasr\/?p=3548"},"modified":"2018-05-10T08:46:30","modified_gmt":"2018-05-10T06:46:30","slug":"lue-al-giro-4a-tappa-i-fondi-per-catania","status":"publish","type":"post","link":"https:\/\/europa.regione.basilicata.it\/feasr\/lue-al-giro-4a-tappa-i-fondi-per-catania\/","title":{"rendered":"L&#8217;UE AL GIRO \/ 4a tappa: Catania &#8211; Caltagirone"},"content":{"rendered":"<p>[:it]<strong>Europa-Regioni:\u00a0<\/strong><strong>Tutti i fondi europei investiti in provincia di Catania<\/strong><\/p>\n<p>&nbsp;<\/p>\n<p><img loading=\"lazy\" decoding=\"async\" class=\"alignleft wp-image-3562 size-thumbnail\" src=\"https:\/\/europa.regione.basilicata.it\/feasr\/wp-content\/uploads\/2018\/05\/4a-tappa-150x150.jpg\" alt=\"\" width=\"150\" height=\"150\" \/><\/p>\n<p><strong>CATANIA &#8211;<\/strong> Dopo le tappe iniziali in Israele, il Giro sbarca oggi in Italia e percorrer\u00e0 per tre giorni le strade della Sicilia. L&#8217;Europa e la Sicilia : un legame lungo pi\u00f9 di 60 anni. Tutto cominci\u00f2 infatti nel 1955 alla conferenza di Messina, dove i Ministri degli Esteri di sei paesi, tra i quali l&#8217;italiano Gaetano Martino, gettarono le basi per quella che sarebbe diventata due anni dopo la CEE. Il primo passo di un lungo cammino, che ha portato all&#8217;attuale Unione Europea.<\/p>\n<p>Oggi ci troviamo in Provincia di\u00a0<a class=\"ext\" href=\"https:\/\/opencoesione.gov.it\/it\/territori\/catania-provincia\/\">Catania<\/a>, dove i fondi dell\u2019UE sono stati maggiormente investiti in infrastrutture e trasporti, con oltre 9.000 interventi tra cui strade e ospedali (tra i quali il nuovo ospedale San Marco a Catania), diverse tratte della linea Catania-Palermo, i depuratori a Catania, Misterbianco e ad Acireale.<\/p>\n<p>La tappa si conclude a Caltagirone, dove l&#8217;UE ha finanziato il\u00a0<a class=\"ext\" href=\"https:\/\/opencoesione.gov.it\/it\/progetti\/1si8152\/\">Museo regionale della ceramica<\/a>, una delle perle dell&#8217;isola che offre ai visitatori un&#8217;ampia visione della storia dell&#8217;arte ceramica sin dal IV millennio a.C. , e anche il restauro della Chiesa di S. Agostino[:]<\/p>\n","protected":false},"excerpt":{"rendered":"<p>[:it]Europa-Regioni:\u00a0Tutti i fondi europei investiti in provincia di Catania &nbsp; CATANIA &#8211; Dopo le tappe iniziali in Israele, il Giro<\/p>\n","protected":false},"author":6,"featured_media":3560,"comment_status":"closed","ping_status":"closed","sticky":false,"template":"","format":"standard","meta":{"colormag_page_container_layout":"default_layout","colormag_page_sidebar_layout":"default_layout","footnotes":""},"categories":[16],"tags":[62,64],"class_list":["post-3548","post","type-post","status-publish","format-standard","has-post-thumbnail","hentry","category-news","tag-euronews","tag-giroitalia"],"publishpress_future_action":{"enabled":false,"date":"2026-09-08 08:32:16","action":"change-status","newStatus":"draft","terms":[],"taxonomy":"category","extraData":[]},"publishpress_future_workflow_manual_trigger":{"enabledWorkflows":[]},"_links":{"self":[{"href":"https:\/\/europa.regione.basilicata.it\/feasr\/wp-json\/wp\/v2\/posts\/3548","targetHints":{"allow":["GET"]}}],"collection":[{"href":"https:\/\/europa.regione.basilicata.it\/feasr\/wp-json\/wp\/v2\/posts"}],"about":[{"href":"https:\/\/europa.regione.basilicata.it\/feasr\/wp-json\/wp\/v2\/types\/post"}],"author":[{"embeddable":true,"href":"https:\/\/europa.regione.basilicata.it\/feasr\/wp-json\/wp\/v2\/users\/6"}],"replies":[{"embeddable":true,"href":"https:\/\/europa.regione.basilicata.it\/feasr\/wp-json\/wp\/v2\/comments?post=3548"}],"version-history":[{"count":11,"href":"https:\/\/europa.regione.basilicata.it\/feasr\/wp-json\/wp\/v2\/posts\/3548\/revisions"}],"predecessor-version":[{"id":3571,"href":"https:\/\/europa.regione.basilicata.it\/feasr\/wp-json\/wp\/v2\/posts\/3548\/revisions\/3571"}],"wp:featuredmedia":[{"embeddable":true,"href":"https:\/\/europa.regione.basilicata.it\/feasr\/wp-json\/wp\/v2\/media\/3560"}],"wp:attachment":[{"href":"https:\/\/europa.regione.basilicata.it\/feasr\/wp-json\/wp\/v2\/media?parent=3548"}],"wp:term":[{"taxonomy":"category","embeddable":true,"href":"https:\/\/europa.regione.basilicata.it\/feasr\/wp-json\/wp\/v2\/categories?post=3548"},{"taxonomy":"post_tag","embeddable":true,"href":"https:\/\/europa.regione.basilicata.it\/feasr\/wp-json\/wp\/v2\/tags?post=3548"}],"curies":[{"name":"wp","href":"https:\/\/api.w.org\/{rel}","templated":true}]}}