{"id":6395,"date":"2019-11-15T13:04:46","date_gmt":"2019-11-15T12:04:46","guid":{"rendered":"http:\/\/europa.basilicata.it\/feasr\/?p=6395"},"modified":"2020-10-19T11:28:40","modified_gmt":"2020-10-19T09:28:40","slug":"misura-4-3-1-in-arrivo-otto-milioni-per-le-aree-interne","status":"publish","type":"post","link":"https:\/\/europa.regione.basilicata.it\/feasr\/misura-4-3-1-in-arrivo-otto-milioni-per-le-aree-interne\/","title":{"rendered":"Misura 4.3.1, in arrivo otto milioni per le aree interne"},"content":{"rendered":"<p>[:it]<\/p>\n<p style=\"text-align: justify;\">In arrivo fondi per le Aree interne della Basilicata. Su proposta dell\u2019assessore alle Politiche agricole, Francesco Fanelli, la giunta regionale ha infatti approvato il Bando Sottomisura 4.3.1 \u201cViabilit\u00e0 rurale ed acquedotti rurali\u201d &#8211; Avviso speciale Aree interne di Montagna Materana e Mercure-Alto Sinni-Valsarmento, mettendo a disposizione risorse nell\u2019ambito del Programma di Sviluppo rurale (Psr) 2014-2020, pari ad 8 milioni e 150 mila euro.<\/p>\n<p style=\"text-align: justify;\">Il provvedimento &#8211; pubblicato nell\u2019ultimo numero speciale del Bollettino ufficiale della Regione Basilicata &#8211; \u00e8 rivolto alle amministrazioni comunali che intendano presentare progetti per la realizzazione di infrastrutture necessarie \u201cal mantenimento e allo sviluppo dell\u2019agricoltura nella sua prevalente funzione produttiva, nonch\u00e9 in quella paesaggistica ed ambientale\u201d. Per promuovere l\u2019avviso \u00e8 gi\u00e0 partito oggi &#8211; 15 novembre &#8211; l\u2019affiancamento tecnico per le amministrazioni comunali delle aree interessate, negli uffici del Dipartimento Politiche agricole della sede regionale di Senise. Tecnici e amministratori dei 27 comuni avranno modo di \u201cprendere le misure\u201d dell\u2019avviso insieme ai funzionari e agli esperti dell\u2019Ufficio Autorit\u00e0 di gestione del Psr.<\/p>\n<p style=\"text-align: justify;\">I Comuni destinatari del provvedimento sono 27 in tutto: 8 per l\u2019Area interna Montagna Materana (Accettura, Aliano, Cirigliano, Craco, Gorgoglione, Oliveto Lucano, San Mauro Forte, Stigliano);19 per il comprensorio Mercure-Alto Sinni-Valsarmento (Calvera, Carbone, Castelluccio Inferiore, Castelluccio Superiore, Castronuovo di Sant\u2019Andrea, Cersosimo, Chiaromonte, Fardella, Francavilla in Sinni, Noepoli, Rotonda, San Costantino Albanese, San Giorgio Lucano, San Paolo Albanese, San Severino Lucano, Senise, Teana, Terranova di Pollino, Viggianello). Agli 8 Comuni della Montagna Materana sono destinati 2,2 milioni di euro, mentre 5 milioni e 950 mila euro sono rivolti ai 19 centri dell\u2019altra Area interna rientrante nel bando. \u201c<\/p>\n<p style=\"text-align: justify;\">Nelle zone pi\u00f9 interne &#8211; ha commentato l\u2019assessore Fanelli &#8211; l\u2019inadeguatezza della viabilit\u00e0 rurale e le insufficienti disponibilit\u00e0 idriche limitano spesso lo svolgimento delle attivit\u00e0 agricole o di trasformazione agroalimentare. Da qui la decisione di destinare alle infrastrutture pubbliche maggiori risorse Feasr, aggiuntive rispetto a quelle ordinariamente destinate dal Piano di sviluppo rurale (Psr), per un valore pari al 7 per cento della dotazione delle misure strutturali e con l\u2019intento di contrastare i fenomeni di marginalizzazione e de-antropizzazione. La scelta di assicurare l\u2019assistenza tecnica ai beneficiari del bando direttamente negli uffici dipartimentali di Senise &#8211; ha concluso &#8211; rientra in una strategia gi\u00e0 avviata e finalizzata ad aumentare occasioni di confronto con il territorio, operando anche per minimizzare l\u2019isolamento non solo fisico che vivono alcune comunit\u00e0\u201d.<\/p>\n<p>[:]<\/p>\n","protected":false},"excerpt":{"rendered":"<p>[:it] In arrivo fondi per le Aree interne della Basilicata. Su proposta dell\u2019assessore alle Politiche agricole, Francesco Fanelli, la giunta<\/p>\n","protected":false},"author":6,"featured_media":8088,"comment_status":"closed","ping_status":"closed","sticky":false,"template":"","format":"standard","meta":{"colormag_page_container_layout":"default_layout","colormag_page_sidebar_layout":"default_layout","footnotes":""},"categories":[71,15,16],"tags":[],"class_list":["post-6395","post","type-post","status-publish","format-standard","has-post-thumbnail","hentry","category-comunicati-stampa","category-in-evidenza","category-news"],"publishpress_future_action":{"enabled":false,"date":"2026-09-10 12:13:28","action":"change-status","newStatus":"draft","terms":[],"taxonomy":"category","extraData":[]},"publishpress_future_workflow_manual_trigger":{"enabledWorkflows":[]},"_links":{"self":[{"href":"https:\/\/europa.regione.basilicata.it\/feasr\/wp-json\/wp\/v2\/posts\/6395","targetHints":{"allow":["GET"]}}],"collection":[{"href":"https:\/\/europa.regione.basilicata.it\/feasr\/wp-json\/wp\/v2\/posts"}],"about":[{"href":"https:\/\/europa.regione.basilicata.it\/feasr\/wp-json\/wp\/v2\/types\/post"}],"author":[{"embeddable":true,"href":"https:\/\/europa.regione.basilicata.it\/feasr\/wp-json\/wp\/v2\/users\/6"}],"replies":[{"embeddable":true,"href":"https:\/\/europa.regione.basilicata.it\/feasr\/wp-json\/wp\/v2\/comments?post=6395"}],"version-history":[{"count":1,"href":"https:\/\/europa.regione.basilicata.it\/feasr\/wp-json\/wp\/v2\/posts\/6395\/revisions"}],"predecessor-version":[{"id":6396,"href":"https:\/\/europa.regione.basilicata.it\/feasr\/wp-json\/wp\/v2\/posts\/6395\/revisions\/6396"}],"wp:featuredmedia":[{"embeddable":true,"href":"https:\/\/europa.regione.basilicata.it\/feasr\/wp-json\/wp\/v2\/media\/8088"}],"wp:attachment":[{"href":"https:\/\/europa.regione.basilicata.it\/feasr\/wp-json\/wp\/v2\/media?parent=6395"}],"wp:term":[{"taxonomy":"category","embeddable":true,"href":"https:\/\/europa.regione.basilicata.it\/feasr\/wp-json\/wp\/v2\/categories?post=6395"},{"taxonomy":"post_tag","embeddable":true,"href":"https:\/\/europa.regione.basilicata.it\/feasr\/wp-json\/wp\/v2\/tags?post=6395"}],"curies":[{"name":"wp","href":"https:\/\/api.w.org\/{rel}","templated":true}]}}