{"id":9213,"date":"2020-09-30T12:33:18","date_gmt":"2020-09-30T10:33:18","guid":{"rendered":"http:\/\/europa.basilicata.it\/feasr\/misura21-sostegno-temporaneocovid19-anno2020-copy\/"},"modified":"2021-10-28T15:33:10","modified_gmt":"2021-10-28T13:33:10","slug":"misura21-1-2-sostegno-temporaneocovid19-anno2020","status":"publish","type":"post","link":"https:\/\/europa.regione.basilicata.it\/feasr\/misura21-1-2-sostegno-temporaneocovid19-anno2020\/","title":{"rendered":"Bando Misura 21.1 Sostegno temporaneo a favore delle Aziende agricole"},"content":{"rendered":"<p>[:it]<\/p>\n<p style=\"text-align: justify;\"><span style=\"font-size: 8pt;\"><em><span style=\"color: #ff0000;\"><strong>AVVISO LEGALE: <\/strong><\/span>L&#8217;unico testo ufficiale e definitivo \u00e8 quello pubblicato sul Bollettino Ufficiale della Regione Basilicata (BURB) a mezzo stampa, che prevale in casi di discordanza. La riproduzione dei testi forniti nel formato elettronico \u00e8 consentita purch\u00e9 venga menzionata la fonte, il carattere non autentico e gratuito. I Testi sono disponibili agli utenti al solo scopo informativo. La raccolta, per quanto vasta, \u00e8 frutto di una selezione redazionale. L\u2019Autorit\u00e0 di Gestione del Psr Basilicata, non \u00e8 responsabile di eventuali errori o imprecisioni, nonch\u00e9 di danni conseguenti ad azioni o determinazioni assunte in base alla consultazione del portale.<\/em><\/span><\/p>\n<hr \/>\n<table style=\"width: 783px;\">\n<tbody>\n<tr>\n<td style=\"width: 783px; background-color: #ff0000; text-align: center;\"><strong><span style=\"color: #ffffff; font-size: 10pt;\">BANDO CHIUSO<\/span><\/strong><\/td>\n<\/tr>\n<\/tbody>\n<\/table>\n<p><img loading=\"lazy\" decoding=\"async\" class=\"alignnone size-full wp-image-11845\" src=\"https:\/\/europa.regione.basilicata.it\/feasr\/wp-content\/uploads\/2020\/09\/21.1.2-IA-GDEF-WEB.jpg\" alt=\"\" width=\"791\" height=\"354\" srcset=\"https:\/\/europa.regione.basilicata.it\/feasr\/wp-content\/uploads\/2020\/09\/21.1.2-IA-GDEF-WEB.jpg 791w, https:\/\/europa.regione.basilicata.it\/feasr\/wp-content\/uploads\/2020\/09\/21.1.2-IA-GDEF-WEB-300x134.jpg 300w, https:\/\/europa.regione.basilicata.it\/feasr\/wp-content\/uploads\/2020\/09\/21.1.2-IA-GDEF-WEB-768x344.jpg 768w\" sizes=\"auto, (max-width: 791px) 100vw, 791px\" \/><\/p>\n<hr \/>\n<p><strong>Misura: <\/strong>Misura 21<\/p>\n<p style=\"text-align: justify;\"><strong>Sottomisura: <\/strong>21.1 Sostegno temporaneo a favore di agricoltori e PMI particolarmente colpiti dalla crisi di COVID-19;<\/p>\n<p style=\"text-align: justify;\"><strong>Intervento:<\/strong> 21.1.2 Sostegno a favore delle Aziende agricole;<\/p>\n<p><strong>Obiettivo:\u00a0<\/strong><\/p>\n<p style=\"text-align: justify;\">Migliorare le prestazioni economiche di tutte le aziende agricole e incoraggiarne la ristrutturazione e l&#8217;ammodernamento, in particolare per aumentare la quota di mercato e l&#8217;orientamento al mercato nonch\u00e9 la diversificazione delle attivit\u00e0;<\/p>\n<p><strong>Dotazione finanziaria:<\/strong><\/p>\n<p>\u20ac 11.667.537,19<\/p>\n<p><strong>Forma e intensit\u00e0 dell&#8217;aiuto:<\/strong><\/p>\n<p>L\u2019importo del contributo pubblico \u00e8 erogabile una tantum:<\/p>\n<ul style=\"list-style-type: square;\">\n<li style=\"text-align: justify;\">Per ciascuna azienda agricola sar\u00e0 compreso tra un <strong>massimo di \u20ac5.000,00<\/strong> ed un <strong>minimo di \u20ac2.000,00<\/strong>, in relazione alla perdita di fatturato secondo una formula che prevede di assegnare il massimo contributo all\u2019azienda che registra la maggior perdita di fatturato, per poi procedere proporzionalmente con le altre;<\/li>\n<li style=\"text-align: justify;\">Le aziende attivatesi nel periodo 1 Gennaio 2019 \u2013 8 Marzo 2020 avranno diritto all\u2019aiuto di \u20ac2.000,00 a prescindere dal numero di richieste o dalla pubblicazione della eventuale graduatoria.<\/li>\n<\/ul>\n<p>L\u2019aiuto in oggetto <strong>non \u00e8 cumulabile<\/strong> con l\u2019aiuto di cui all\u2019intervento 21.1.1 (Agriturismi e Fattorie didattiche).<\/p>\n<p style=\"text-align: justify;\">Il contributo pubblico \u00e8 erogato ai sensi del regime \u201cde minimis\u201d di cui al Reg. 1408\/2013 e ss. mm. ii. e della Comunicazione della CE (2020\/C 112 I\/01) \u201cModifica del quadro temporaneo per le misure di aiuto di Stato a sostegno dell&#8217;economia nell&#8217;attuale emergenza del COVID-19\u201d.<\/p>\n<p><strong>Localizzazione:<\/strong><\/p>\n<p>Tutto il territorio regionale;<\/p>\n<p><strong>Beneficiari e Requisiti di ammissibilit\u00e0<\/strong><\/p>\n<p>Possono presentare domanda le Aziende agricole che:<\/p>\n<ul style=\"list-style-type: square;\">\n<li style=\"text-align: justify;\">Siano attive alla data di presentazione della domanda di sostegno ed abbiano avviato l\u2019attivit\u00e0 non oltre l\u20198 marzo 2020;<\/li>\n<li>Abbiano per l\u2019anno 2019 un fatturato derivante da attivit\u00e0 agricola pari almeno a 7.000,00 euro;<\/li>\n<li style=\"text-align: justify;\">Dimostrino di aver subito una riduzione di fatturato, nel trimestre marzo-aprile-maggio 2020 rispetto al medesimo trimestre 2019 pari ad almeno il 25%;<\/li>\n<\/ul>\n<p style=\"text-align: justify;\">Non sono ammissibili le imprese con contabilit\u00e0 in regime di esonero IVA nel 2019 (se attive) e nel 2020;<\/p>\n<p><strong>Modalit\u00e0 di presentazione della domanda:<\/strong><\/p>\n<p>Per rendere pi\u00f9 veloce la fase di istruttoria al bando di seguito la procedura da seguire per la presentazione delle domande:<\/p>\n<p>1. Rilascio della domanda a SIAN<\/p>\n<p>2. Accesso alla piattaforma SIA-RB<\/p>\n<p style=\"text-align: justify;\">Trasmettere la domanda attraverso la piattaforma SIA-RB allegando obbligatoriamente la domanda SIAN firmata e copia del documento di riconoscimento del beneficiario seguendo le istruzioni indicate nella guida in allegato.\u00a0La domanda prodotta a SIA-RB potr\u00e0 essere firmata digitalmente oppure in forma autografa e poi ricaricata per completare la trasmissione.<\/p>\n<p>La piattaforma SIA-RB <span style=\"color: #ff0000;\"><strong>sar\u00e0 attiva dalle ore 8:00 del 26 ottobre 2020<\/strong><\/span>, per accedere cliccare <strong><a href=\"http:\/\/agricoltura.regione.basilicata.it\/programma-di-sviluppo-rurale-2014-2020\/\">QUI<\/a> <\/strong><\/p>\n<p style=\"text-align: justify;\">La candidatura dovr\u00e0 essere perfezionata entro i termini prorogati con DGR794\/20, pena la non ammissibilit\u00e0 della richiesta. Qualora il giorno di scadenza cada in un festivo o prefestivo, la scadenza \u00e8 automaticamente prorogata al primo giorno lavorativo successivo.<\/p>\n<p><strong><span style=\"color: #ff0000;\">SCADENZA PROROGATA AL 20 NOVEMBRE 2020, ORE 20:00<\/span><\/strong><\/p>\n<p style=\"text-align: center;\"><img loading=\"lazy\" decoding=\"async\" class=\"alignnone size-full wp-image-5751 aligncenter\" src=\"https:\/\/europa.regione.basilicata.it\/feasr\/wp-content\/uploads\/2019\/10\/aggiornamenti-INF.jpg\" alt=\"\" width=\"1557\" height=\"27\" srcset=\"https:\/\/europa.regione.basilicata.it\/feasr\/wp-content\/uploads\/2019\/10\/aggiornamenti-INF.jpg 1557w, https:\/\/europa.regione.basilicata.it\/feasr\/wp-content\/uploads\/2019\/10\/aggiornamenti-INF-300x5.jpg 300w, https:\/\/europa.regione.basilicata.it\/feasr\/wp-content\/uploads\/2019\/10\/aggiornamenti-INF-768x13.jpg 768w, https:\/\/europa.regione.basilicata.it\/feasr\/wp-content\/uploads\/2019\/10\/aggiornamenti-INF-1024x18.jpg 1024w\" sizes=\"auto, (max-width: 1557px) 100vw, 1557px\" \/><\/p>\n<p><strong>Contatti:<\/strong><\/p>\n<p><strong>Responsabile di misura:\u00a0<\/strong>dott. Vittorio Restaino<\/p>\n<p>tel.: 0971668660 mail: <a href=\"mailto:vittorio.restaino@regione.basilicata.it\"><strong>vittorio.restaino@regione.basilicata.it<\/strong><\/a><\/p>\n<p><strong>Responsabile del procedimento: <\/strong>dott.\u00a0 Salvatore Gala<\/p>\n<p>tel.: 0971668769 mail: <a href=\"mailto:salvatore.gala@regione.basilicata.it\"><strong>salvatore.gala@regione.basilicata.it<\/strong><\/a><\/p>\n<p><strong>Assistenza tecnica\u00a0 SIA-RB<\/strong> utilizzare in via esclusiva la\u00a0mail: <a href=\"mailto:siarb@assistenza.regione.basilicata.it\"><strong>siarb@assistenza.regione.basilicata.it<\/strong><\/a><\/p>\n<p style=\"text-align: justify;\"><strong>FAQ: <\/strong>Per informazioni e chiarimenti sul presente bando \u00e8 possibile inoltrare quesiti esclusivamente attraverso la specifica Sezione nella piattaforma informatica SIA-RB<\/p>\n<p><img loading=\"lazy\" decoding=\"async\" class=\"alignnone size-full wp-image-5751\" src=\"https:\/\/europa.regione.basilicata.it\/feasr\/wp-content\/uploads\/2019\/10\/aggiornamenti-INF.jpg\" alt=\"\" width=\"1557\" height=\"27\" srcset=\"https:\/\/europa.regione.basilicata.it\/feasr\/wp-content\/uploads\/2019\/10\/aggiornamenti-INF.jpg 1557w, https:\/\/europa.regione.basilicata.it\/feasr\/wp-content\/uploads\/2019\/10\/aggiornamenti-INF-300x5.jpg 300w, https:\/\/europa.regione.basilicata.it\/feasr\/wp-content\/uploads\/2019\/10\/aggiornamenti-INF-768x13.jpg 768w, https:\/\/europa.regione.basilicata.it\/feasr\/wp-content\/uploads\/2019\/10\/aggiornamenti-INF-1024x18.jpg 1024w\" sizes=\"auto, (max-width: 1557px) 100vw, 1557px\" \/><\/p>\n<p><strong>Riferimenti normativi:<\/strong><\/p>\n<p><a href=\"https:\/\/europa.regione.basilicata.it\/feasr\/wp-content\/uploads\/2020\/09\/Determinazione-Dirigenziale-n.-523-del-7-giugno-2021-Modifiche-in-autotutela.pdf\">Determinazione Dirigenziale n. 523 del 7 giugno 2021 Modifiche in autotutela<\/a> <span style=\"font-size: 8pt;\"><strong><span style=\"color: #ff0000;\">[RETTIFICA DD348\/21]<\/span><\/strong><\/span><\/p>\n<p><a href=\"https:\/\/europa.regione.basilicata.it\/feasr\/wp-content\/uploads\/2020\/09\/Determinazione-Dirigenziale-n.-348-del-27-aprile-2021-Modifiche-e-integrazioni.pdf\">Determinazione Dirigenziale n. 348 del 27 aprile 2021 Modifiche e integrazioni<\/a>\u00a0<span style=\"font-size: 8pt;\"><strong><span style=\"color: #ff0000;\">[RETTIFICA DD1163\/20 E DD18\/21]<\/span><\/strong><\/span><\/p>\n<p><a href=\"https:\/\/europa.regione.basilicata.it\/feasr\/wp-content\/uploads\/2020\/09\/Determinazione-Dirigenziale-n.-168-del-25-febbraio-2021-Elenco-codici-COR-Modifice-integrazioni-DD18-21.pdf\">Determinazione Dirigenziale n. 168 del 25 febbraio 2021 Elenco codici COR &#8211; Modifiche e integrazioni graduatoria definitiva<\/a> <span style=\"font-size: 8pt;\"><strong><span style=\"color: #ff0000;\">[RETTIFICA DD18\/21]<\/span><\/strong><\/span><\/p>\n<p><a href=\"https:\/\/europa.regione.basilicata.it\/feasr\/wp-content\/uploads\/2020\/09\/Determinazione-Dirigenziale-n.-18-del-19-gennaio-2021-Approvazione-graduatoria-definitiva-ed-esito-istanze-di-riesame.pdf\">Determinazione Dirigenziale n. 18 del 19 gennaio 2021 Approvazione graduatoria definitiva ed esito istanze di riesame<\/a><\/p>\n<p><a href=\"https:\/\/europa.regione.basilicata.it\/feasr\/wp-content\/uploads\/2020\/09\/Determinazione-Dirigenziale-n.-1163-del-21-dicembre-2020-Approvazione-graduatoria.pdf\">Determinazione Dirigenziale n. 1163 del 21 dicembre 2020 Approvazione graduatoria<\/a><\/p>\n<p><a href=\"https:\/\/europa.regione.basilicata.it\/feasr\/wp-content\/uploads\/2020\/11\/Delibera-Giunta-Regionale-n.-794-del-13-novembre-2020-Proroga.pdf\">Delibera Giunta Regionale n. 794 del 13 novembre 2020 Proroga<\/a><\/p>\n<p><a href=\"https:\/\/europa.regione.basilicata.it\/feasr\/wp-content\/uploads\/2020\/09\/Delibera_n\u00b0_DGR6802020.pdf\">Delibera Giunta Regionale n. 680 del 29 settembre 2020 Approvazione bando<\/a><\/p>\n<p>Bollettino ufficiale n. 91 del 16 ottobre 2020<\/p>\n<p><strong>Allegati:<\/strong><\/p>\n<p><a href=\"https:\/\/europa.regione.basilicata.it\/feasr\/wp-content\/uploads\/2020\/09\/BANDO_21_1_2-_01_10_2020.pdf\">Bando<\/a><\/p>\n<p><a href=\"https:\/\/europa.regione.basilicata.it\/feasr\/wp-content\/uploads\/2020\/09\/Manuale_utente_PSR_PRATICHE-v2.pdf\">SIA-RB Guida alla compilazione della domanda\u00a0<\/a><\/p>\n<p style=\"text-align: right;\"><span style=\"font-size: 8pt;\">Ultimo aggiornamento 17 giugno 2021, ore 9:07<\/span><\/p>\n<p>[:]<\/p>\n","protected":false},"excerpt":{"rendered":"<p>[:it] AVVISO LEGALE: L&#8217;unico testo ufficiale e definitivo \u00e8 quello pubblicato sul Bollettino Ufficiale della Regione Basilicata (BURB) a mezzo<\/p>\n","protected":false},"author":6,"featured_media":4122,"comment_status":"closed","ping_status":"closed","sticky":false,"template":"","format":"standard","meta":{"colormag_page_container_layout":"default_layout","colormag_page_sidebar_layout":"default_layout","footnotes":""},"categories":[49,78],"tags":[],"class_list":["post-9213","post","type-post","status-publish","format-standard","has-post-thumbnail","hentry","category-bandi-scaduti","category-misura-21"],"publishpress_future_action":{"enabled":false,"date":"2026-09-07 14:18:27","action":"change-status","newStatus":"draft","terms":[],"taxonomy":"category","extraData":[]},"publishpress_future_workflow_manual_trigger":{"enabledWorkflows":[]},"_links":{"self":[{"href":"https:\/\/europa.regione.basilicata.it\/feasr\/wp-json\/wp\/v2\/posts\/9213","targetHints":{"allow":["GET"]}}],"collection":[{"href":"https:\/\/europa.regione.basilicata.it\/feasr\/wp-json\/wp\/v2\/posts"}],"about":[{"href":"https:\/\/europa.regione.basilicata.it\/feasr\/wp-json\/wp\/v2\/types\/post"}],"author":[{"embeddable":true,"href":"https:\/\/europa.regione.basilicata.it\/feasr\/wp-json\/wp\/v2\/users\/6"}],"replies":[{"embeddable":true,"href":"https:\/\/europa.regione.basilicata.it\/feasr\/wp-json\/wp\/v2\/comments?post=9213"}],"version-history":[{"count":58,"href":"https:\/\/europa.regione.basilicata.it\/feasr\/wp-json\/wp\/v2\/posts\/9213\/revisions"}],"predecessor-version":[{"id":11849,"href":"https:\/\/europa.regione.basilicata.it\/feasr\/wp-json\/wp\/v2\/posts\/9213\/revisions\/11849"}],"wp:featuredmedia":[{"embeddable":true,"href":"https:\/\/europa.regione.basilicata.it\/feasr\/wp-json\/wp\/v2\/media\/4122"}],"wp:attachment":[{"href":"https:\/\/europa.regione.basilicata.it\/feasr\/wp-json\/wp\/v2\/media?parent=9213"}],"wp:term":[{"taxonomy":"category","embeddable":true,"href":"https:\/\/europa.regione.basilicata.it\/feasr\/wp-json\/wp\/v2\/categories?post=9213"},{"taxonomy":"post_tag","embeddable":true,"href":"https:\/\/europa.regione.basilicata.it\/feasr\/wp-json\/wp\/v2\/tags?post=9213"}],"curies":[{"name":"wp","href":"https:\/\/api.w.org\/{rel}","templated":true}]}}