{"id":1670,"date":"2016-12-12T13:00:54","date_gmt":"2016-12-12T12:00:54","guid":{"rendered":"http:\/\/europa.basilicata.it\/fse\/?p=1670"},"modified":"2026-07-13T18:15:13","modified_gmt":"2026-07-13T16:15:13","slug":"16-dicembre-incontro-sviluppo-basilicata-sul-suo-ruolo-attuale-e-prospettico","status":"publish","type":"post","link":"https:\/\/europa.regione.basilicata.it\/fse\/16-dicembre-incontro-sviluppo-basilicata-sul-suo-ruolo-attuale-e-prospettico\/","title":{"rendered":"16 Dicembre: A San Paolo Albanese incontro su ruolo di Sviluppo Basilicata a sostegno dei territori lucani"},"content":{"rendered":"<p><strong>Venerd\u00ec 16 Dicembre 2016<\/strong>, alle ore\u00a017:30 \u00e8 previsto un incontro, presso il Centro per la Creativit\u00e0\u00a0Banxhurna (zona Pip) di San Paolo Albanese (Pz), dal tema <strong>&#8220;La sfida possibile&#8221;.\u00a0Ruolo attuale e prospettico di Sviluppo Basilicata a sostegno dei territori lucani<\/strong>.<\/p>\n<p><em>Sviluppo Basilicata<\/em> \u00e8 una societ\u00e0 in house della Regione Basilicata che opera a sostegno dello sviluppo, della ricerca e della competitivit\u00e0 del territorio regionale.<\/p>\n<p>Dopo i saluti del sindaco,<em> Anna Santamaria<\/em>, seguir\u00e0 l&#8217;intervento di\u00a0<em>Marco Ponzio<\/em>, Direttore Business Unit Sviluppo Basilicata, che illustrer\u00e0\u00a0i nuovi Avvisi della Regione Basilicata: \u201c<a href=\"http:\/\/www.regione.basilicata.it\/giunta\/site\/giunta\/department.jsp?dep=100055&amp;area=3020273&amp;level=1\" target=\"_blank\" rel=\"noopener noreferrer\">Start and go<\/a>\u201d, \u201c<a href=\"http:\/\/www.regione.basilicata.it\/giunta\/site\/giunta\/department.jsp?dep=100055&amp;area=3020207&amp;level=1\" target=\"_blank\" rel=\"noopener noreferrer\">Go and Grow<\/a>\u201d, \u201c<a href=\"http:\/\/www.regione.basilicata.it\/giunta\/site\/giunta\/department.jsp?dep=100055&amp;area=3020202&amp;level=1\" target=\"_blank\" rel=\"noopener noreferrer\">Liberi professionisti start and grow<\/a>\u201d, a supporto della\u00a0nascita di nuove attivit\u00e0 imprenditoriali e della competitivit\u00e0 delle PMI. Saranno anche analizzati i risultati del Fondo Microcredito FSE Basilicata.<\/p>\n<p>Il pomeriggio proseguir\u00e0 con l&#8217;intervento di<em> Giampiero Maruggi<\/em>,\u00a0Amministratore Unico Sviluppo Basilicata, sul tema &#8220;La sfida della crescita&#8221; e sulle nuove prospettive di Sviluppo Basilicata.<\/p>\n<p>Conclusioni a cura\u00a0dell\u2019Autorit\u00e0 di Gestione dei Fondi PO FSE 2014-2020 della Regione Basilicata, <em>Francesco Pesce<\/em>.<\/p>\n<p>Ha dichiarato Giampiero Maruggi: &lt;&lt; Questo di San Paolo Albanese \u00e8 l\u2019appuntamento conclusivo di questo anno. Nel 2016 abbiamo realizzato in totale ben 12 incontri territoriali nelle province di Potenza e Matera e speriamo di continuare cos\u00ec anche per il prossimo anno. Gli incontri registrano sempre molto interesse segno della necessit\u00e0 degli imprenditori e dei professionisti di conoscere di pi\u00f9 sui bandi e sulle opportunit\u00e0 offerte dalla Regione.<br \/>\nNei vari appuntamenti stiamo fornendo chiarimenti sul recente pacchetto di bandi \u201cCreaOpportunit\u00e0\u201d, pubblicato dalla Regione Basilicata, a sostegno delle nuove iniziative imprenditoriali e professionali, e speriamo che in futuro a questo se ne possano aggiungere molti altri, primo tra tutti quello relativo al Fondo Microcredito di cui oggi possiamo descrivere i positivi risultati&gt;&gt;.<\/p>\n<p>&nbsp;<\/p>\n<p>&nbsp;<\/p>\n","protected":false},"excerpt":{"rendered":"<p>Venerd\u00ec 16 Dicembre 2016, alle ore\u00a017:30 \u00e8 previsto un incontro, presso il Centro per la Creativit\u00e0\u00a0Banxhurna (zona Pip) di San<\/p>\n","protected":false},"author":4,"featured_media":1676,"comment_status":"closed","ping_status":"closed","sticky":false,"template":"","format":"standard","meta":{"colormag_page_container_layout":"default_layout","colormag_page_sidebar_layout":"default_layout","footnotes":""},"categories":[10,6],"tags":[],"class_list":["post-1670","post","type-post","status-publish","format-standard","has-post-thumbnail","hentry","category-in-evidenza","category-news"],"publishpress_future_action":{"enabled":false,"date":"2026-09-07 16:31:38","action":"change-status","newStatus":"draft","terms":[],"taxonomy":"category","extraData":[]},"publishpress_future_workflow_manual_trigger":{"enabledWorkflows":[]},"_links":{"self":[{"href":"https:\/\/europa.regione.basilicata.it\/fse\/wp-json\/wp\/v2\/posts\/1670","targetHints":{"allow":["GET"]}}],"collection":[{"href":"https:\/\/europa.regione.basilicata.it\/fse\/wp-json\/wp\/v2\/posts"}],"about":[{"href":"https:\/\/europa.regione.basilicata.it\/fse\/wp-json\/wp\/v2\/types\/post"}],"author":[{"embeddable":true,"href":"https:\/\/europa.regione.basilicata.it\/fse\/wp-json\/wp\/v2\/users\/4"}],"replies":[{"embeddable":true,"href":"https:\/\/europa.regione.basilicata.it\/fse\/wp-json\/wp\/v2\/comments?post=1670"}],"version-history":[{"count":9,"href":"https:\/\/europa.regione.basilicata.it\/fse\/wp-json\/wp\/v2\/posts\/1670\/revisions"}],"predecessor-version":[{"id":10024,"href":"https:\/\/europa.regione.basilicata.it\/fse\/wp-json\/wp\/v2\/posts\/1670\/revisions\/10024"}],"wp:featuredmedia":[{"embeddable":true,"href":"https:\/\/europa.regione.basilicata.it\/fse\/wp-json\/wp\/v2\/media\/1676"}],"wp:attachment":[{"href":"https:\/\/europa.regione.basilicata.it\/fse\/wp-json\/wp\/v2\/media?parent=1670"}],"wp:term":[{"taxonomy":"category","embeddable":true,"href":"https:\/\/europa.regione.basilicata.it\/fse\/wp-json\/wp\/v2\/categories?post=1670"},{"taxonomy":"post_tag","embeddable":true,"href":"https:\/\/europa.regione.basilicata.it\/fse\/wp-json\/wp\/v2\/tags?post=1670"}],"curies":[{"name":"wp","href":"https:\/\/api.w.org\/{rel}","templated":true}]}}