{"id":5412,"date":"2019-03-12T14:08:11","date_gmt":"2019-03-12T13:08:11","guid":{"rendered":"http:\/\/europa.basilicata.it\/fse\/?p=5412"},"modified":"2026-07-13T18:15:31","modified_gmt":"2026-07-13T16:15:31","slug":"mostra-costruire-la-basilicata-dal-12-al-24-marzo-nantes-francia","status":"publish","type":"post","link":"https:\/\/europa.regione.basilicata.it\/fse\/mostra-costruire-la-basilicata-dal-12-al-24-marzo-nantes-francia\/","title":{"rendered":"Mostra &#8220;Costruire la Basilicata&#8221; &#8211; dal 12 al 24 marzo &#8211; Nantes (Francia)"},"content":{"rendered":"<p>Si inaugura marted\u00ec 12 maggio la mostra &#8220;<strong><em>Costruire la Basilicata. Formazione, lavoro e sviluppo culturale in un secolo di fotografie d&#8217;autore<\/em><\/strong>&#8220;, in programma dal 12 al 24 marzo, presso l&#8217;Espace International Cosmopolis di Nantes, in Francia.<\/p>\n<p>L&#8217;esposizione, dopo Firenze e Copenaghen, si colloca nel quadro delle iniziative conoscitive della Regione Basilicata e continua il suo viaggio con l&#8217;intento di promuovere, a livello internazionale, la regione, Matera Capitale della Cultura 2019 e l\u2019evoluzione del territorio lucano a cui ha contribuito il Fondo Sociale Europeo grazie alle diverse programmazioni.<\/p>\n<p>L&#8217;evento si tiene nell&#8217;ambito del Festival Univercin\u00e9 Italien &#8220;Cinemacitt\u00e0&#8221;, che analizza, attraverso il cinema, il rapporto tra citt\u00e0 e periferie italiane e dedica uno spazio anche a proiezioni specifiche sulla Citt\u00e0 di Matera, con il documentario MATERA 15\/19 EPISODE I &#8211; II, di Fabrizio Nucci e Nicola Rovito.<\/p>\n<p>L&#8217;esposizione racconta, in 100 foto, cento anni di storia lucana, dagli antichi mestieri all&#8217;evoluzione delle comunit\u00e0 locali, attraverso grandi nomi della fotografia come Gerhard Rohlfs, Rinaldo Della Vite, Aldo La Capra, Mario Cresci e grazie al contributo di archivi privati di cui molte immagini non sono mai state pubblicate prima.<\/p>\n<p>La mostra ripercorre un itinerario sull&#8217;ampia tematica dello sviluppo e, pi\u00f9 in particolare, sulla storia del lavoro e della formazione in Basilicata in riferimento, in particolare, al Fondo Sociale Europeo, scegliendo di farlo attraverso la fotografia. Il percorso espositivo illustra come l\u2019istruzione e la formazione professionale hanno assunto un ruolo fondamentale per lo sviluppo economico, sociale e culturale in cui il Fondo Sociale Europeo ha giocato un ruolo di primaria importanza nelle azioni di incentivo socioeconomico.<\/p>\n<p>La mostra \u00e8 divisa in cinque sezioni:<br \/>\n<em>Lavori d\u2019altri tempi?<\/em> intende sottolineare la soluzione di continuit\u00e0 tra un passato che non \u00e8 del tutto estinto ed un presente che riconferma questo passato al fine di preservarlo.<br \/>\n<em>Basilicata in costruzione<\/em> \u00e8 l\u2019anima della mostra e cerca di offrire un racconto per immagini che illustri lo sviluppo, faticoso ma costante, di una regione.<br \/>\n<em>Dalle scuole di mestiere al Fondo Sociale Europeo<\/em>, ricostruisce un percorso che, partendo dalle scuole di mestiere di inizio Novecento, muove verso le prime attivit\u00e0 imprenditoriali rivolte in particolare al sociale e giunge ai giorni nostri, ad una Basilicata sempre pi\u00f9 proiettata verso l\u2019Europa, in cui la creazione di nuovi sapere, che investono campi eterogenei, diventa essenziale per la tenuta economica e sociale del territorio.<br \/>\n<em>Sguardi d\u2019oggi<\/em> interpreta il tema del lavoro e della formazione attraverso lo sguardo di un gruppo di fotografi lucani: dai loro scatti si evidenzia pienamente la dicotomia di questi tempi in cui, al sentimento di precariet\u00e0, legato all&#8217;incertezza dei tempi, si affianca altrettanto tenacemente la voglia di reagire attraverso la crescita di nuove capacit\u00e0 che possono rappresentare lo strumento utile a guidarci fuori dalla crisi.<br \/>\nL&#8217;ultima parte \u00e8 dedicata a <em>Matera<\/em>, Capitale della Cultura europea 2019.<\/p>\n<p>&nbsp;<\/p>\n<figure id=\"attachment_1795\" aria-describedby=\"caption-attachment-1795\" style=\"width: 150px\" class=\"wp-caption alignleft\"><img loading=\"lazy\" decoding=\"async\" class=\"wp-image-1795 size-thumbnail\" src=\"https:\/\/europa.regione.basilicata.it\/fse\/wp-content\/uploads\/2016\/09\/costruire-la-basilicata-mani-150x150.jpg\" alt=\"mostra Nantes\" width=\"150\" height=\"150\" \/><figcaption id=\"caption-attachment-1795\" class=\"wp-caption-text\"><a href=\"https:\/\/europa.regione.basilicata.it\/fse\/mostra-costruire-la-basilicata-dal-12-al-24-marzo-nantes-francia-2\/\" target=\"_blank\" rel=\"noopener noreferrer\">FOTO VERNISSAGE<\/a><\/figcaption><\/figure>\n<p>&nbsp;<br \/>\n&nbsp;<br \/>\n&nbsp;<br \/>\n&nbsp;<br \/>\n&nbsp;<br \/>\n&nbsp;<br \/>\n&nbsp;<br \/>\n&nbsp;<br \/>\n&nbsp;<br \/>\n&nbsp;<br \/>\n&nbsp;<br \/>\n&nbsp;<br \/>\n&nbsp;<\/p>\n","protected":false},"excerpt":{"rendered":"<p>Si inaugura marted\u00ec 12 maggio la mostra &#8220;Costruire la Basilicata. Formazione, lavoro e sviluppo culturale in un secolo di fotografie<\/p>\n","protected":false},"author":4,"featured_media":5420,"comment_status":"closed","ping_status":"closed","sticky":false,"template":"","format":"standard","meta":{"colormag_page_container_layout":"default_layout","colormag_page_sidebar_layout":"default_layout","footnotes":""},"categories":[176,10,6],"tags":[],"class_list":["post-5412","post","type-post","status-publish","format-standard","has-post-thumbnail","hentry","category-eventi-e-campagne","category-in-evidenza","category-news"],"publishpress_future_action":{"enabled":false,"date":"2026-09-10 01:36:52","action":"change-status","newStatus":"draft","terms":[],"taxonomy":"category","extraData":[]},"publishpress_future_workflow_manual_trigger":{"enabledWorkflows":[]},"_links":{"self":[{"href":"https:\/\/europa.regione.basilicata.it\/fse\/wp-json\/wp\/v2\/posts\/5412","targetHints":{"allow":["GET"]}}],"collection":[{"href":"https:\/\/europa.regione.basilicata.it\/fse\/wp-json\/wp\/v2\/posts"}],"about":[{"href":"https:\/\/europa.regione.basilicata.it\/fse\/wp-json\/wp\/v2\/types\/post"}],"author":[{"embeddable":true,"href":"https:\/\/europa.regione.basilicata.it\/fse\/wp-json\/wp\/v2\/users\/4"}],"replies":[{"embeddable":true,"href":"https:\/\/europa.regione.basilicata.it\/fse\/wp-json\/wp\/v2\/comments?post=5412"}],"version-history":[{"count":19,"href":"https:\/\/europa.regione.basilicata.it\/fse\/wp-json\/wp\/v2\/posts\/5412\/revisions"}],"predecessor-version":[{"id":10198,"href":"https:\/\/europa.regione.basilicata.it\/fse\/wp-json\/wp\/v2\/posts\/5412\/revisions\/10198"}],"wp:featuredmedia":[{"embeddable":true,"href":"https:\/\/europa.regione.basilicata.it\/fse\/wp-json\/wp\/v2\/media\/5420"}],"wp:attachment":[{"href":"https:\/\/europa.regione.basilicata.it\/fse\/wp-json\/wp\/v2\/media?parent=5412"}],"wp:term":[{"taxonomy":"category","embeddable":true,"href":"https:\/\/europa.regione.basilicata.it\/fse\/wp-json\/wp\/v2\/categories?post=5412"},{"taxonomy":"post_tag","embeddable":true,"href":"https:\/\/europa.regione.basilicata.it\/fse\/wp-json\/wp\/v2\/tags?post=5412"}],"curies":[{"name":"wp","href":"https:\/\/api.w.org\/{rel}","templated":true}]}}