{"id":6083,"date":"2019-10-25T13:03:59","date_gmt":"2019-10-25T11:03:59","guid":{"rendered":"http:\/\/europa.basilicata.it\/fse\/?p=6083"},"modified":"2026-07-13T18:15:34","modified_gmt":"2026-07-13T16:15:34","slug":"european-social-sound-2-semifinale-26-ottobre-melfi","status":"publish","type":"post","link":"https:\/\/europa.regione.basilicata.it\/fse\/european-social-sound-2-semifinale-26-ottobre-melfi\/","title":{"rendered":"European Social Sound &#8211; 2\u00b0 semifinale, 26 Ottobre &#8211; Melfi"},"content":{"rendered":"<p>Il contest interregionale \u201c<strong>European Social Sound 4U<\/strong>\u201d, dopo la prima semifinale che si \u00e8 tenuta lo scorso sabato 19 ottobre presso il CineTeatro Due Torri, arriva a Melfi, con la seconda serata che vedr\u00e0 salire sul palco otto band emergenti di cui solo una risulter\u00e0 vincitrice ed avr\u00e0 accesso alla finalissima nazionale del 14 dicembre a Matera.<\/p>\n<p>European Social Sound \u00e8 il primo format a livello europeo che abbina un contest per band emergenti di alto livello a una iniziativa informativa sui progetti finanziati dal Fondo Sociale Europeo. Ha ottenuto una menzione speciale ai Regiostars Awards 2016 e il premio MEI (Meeting delle Etichette Indipendenti) per l\u2019innovativit\u00e0 e la qualit\u00e0 del suo format.<\/p>\n<p>Quattro le Regioni partecipanti: Umbria, Toscana, Basilicata e Sicilia, che grazie ad un accordo sottoscritto e sostenuto anche da (ANPAL), l\u2019Agenzia Nazionale delle Politiche Attive Lavoro, ha consentito la crescita dell\u2019iniziativa.<\/p>\n<p>Gli obiettivi di ESS4U, sono quelli di ampliare la visibilit\u00e0 dell\u2019Unione Europea, delle sue realizzazioni, della sua cultura e dei suoi valori; far conoscere le opportunit\u00e0 messe a disposizione dal FSE per i cittadini. Il Fondo Sociale Europeo, infatti, finanzia progetti riguardanti il lavoro, la formazione e l\u2019inclusione sociale e la lotta alla povert\u00e0.<\/p>\n<p>Giudici della semifinale lucana di Melfi, che si <strong>svolger\u00e0 il 26 ottobre presso il Teatro Ruggiero alle ore 20.30<\/strong>, saranno <em>Monica Messina<\/em>, pianista e interprete diplomata al CET di Mogol, e <em>Mario Venuti<\/em>, cantante, compositore e musicista, esponente della nuova scena del rock anni \u201980 con i Denovo fino alla carriera solista ed album con influenze brasiliane e jazz.<\/p>\n<p>Durante la serata saranno proiettati anche delle video testimonianze di persone, soprattutto giovani, che grazie alle opportunit\u00e0 offerte dal FSE Basilicata 2014-2020 hanno migliorato la propria formazione professionale o la propria condizione sociale, agevolando, cos\u00ec, l\u2019inserimento lavorativo nel mercato.<\/p>\n<p>Il contest presentato da <em>Peppino Centola<\/em> e <em>Omar Gallo<\/em> prevede, oltre ai voti espressi dalla giuria di qualit\u00e0 anche quello del pubblico presente in sala o in collegamento con la diretta streaming che potranno esprimere la propria preferenza direttamente online sul sito <a href=\"http:\/\/www.europeansocialsound.it\" target=\"_blank\" rel=\"noopener noreferrer\">www.europeansocialsound.it<\/a>.<\/p>\n<p>Le band vincitrici delle diverse semifinali regionali potranno accedere alla finalissima nazionale di Matera dove si contenderanno il primo un montepremi, in servizi utili a promuovere la propria attivit\u00e0 artistica, per un valore complessivo di 10mila euro. Previsto anche un premio della critica di 3mila euro sempre in servizi.<\/p>\n","protected":false},"excerpt":{"rendered":"<p>Il contest interregionale \u201cEuropean Social Sound 4U\u201d, dopo la prima semifinale che si \u00e8 tenuta lo scorso sabato 19 ottobre<\/p>\n","protected":false},"author":4,"featured_media":6063,"comment_status":"closed","ping_status":"closed","sticky":false,"template":"","format":"standard","meta":{"colormag_page_container_layout":"default_layout","colormag_page_sidebar_layout":"default_layout","footnotes":""},"categories":[176,10,6],"tags":[],"class_list":["post-6083","post","type-post","status-publish","format-standard","has-post-thumbnail","hentry","category-eventi-e-campagne","category-in-evidenza","category-news"],"publishpress_future_action":{"enabled":false,"date":"2026-09-07 21:10:02","action":"change-status","newStatus":"draft","terms":[],"taxonomy":"category","extraData":[]},"publishpress_future_workflow_manual_trigger":{"enabledWorkflows":[]},"_links":{"self":[{"href":"https:\/\/europa.regione.basilicata.it\/fse\/wp-json\/wp\/v2\/posts\/6083","targetHints":{"allow":["GET"]}}],"collection":[{"href":"https:\/\/europa.regione.basilicata.it\/fse\/wp-json\/wp\/v2\/posts"}],"about":[{"href":"https:\/\/europa.regione.basilicata.it\/fse\/wp-json\/wp\/v2\/types\/post"}],"author":[{"embeddable":true,"href":"https:\/\/europa.regione.basilicata.it\/fse\/wp-json\/wp\/v2\/users\/4"}],"replies":[{"embeddable":true,"href":"https:\/\/europa.regione.basilicata.it\/fse\/wp-json\/wp\/v2\/comments?post=6083"}],"version-history":[{"count":3,"href":"https:\/\/europa.regione.basilicata.it\/fse\/wp-json\/wp\/v2\/posts\/6083\/revisions"}],"predecessor-version":[{"id":10232,"href":"https:\/\/europa.regione.basilicata.it\/fse\/wp-json\/wp\/v2\/posts\/6083\/revisions\/10232"}],"wp:featuredmedia":[{"embeddable":true,"href":"https:\/\/europa.regione.basilicata.it\/fse\/wp-json\/wp\/v2\/media\/6063"}],"wp:attachment":[{"href":"https:\/\/europa.regione.basilicata.it\/fse\/wp-json\/wp\/v2\/media?parent=6083"}],"wp:term":[{"taxonomy":"category","embeddable":true,"href":"https:\/\/europa.regione.basilicata.it\/fse\/wp-json\/wp\/v2\/categories?post=6083"},{"taxonomy":"post_tag","embeddable":true,"href":"https:\/\/europa.regione.basilicata.it\/fse\/wp-json\/wp\/v2\/tags?post=6083"}],"curies":[{"name":"wp","href":"https:\/\/api.w.org\/{rel}","templated":true}]}}