{"id":796,"date":"2016-09-06T12:23:05","date_gmt":"2016-09-06T10:23:05","guid":{"rendered":"http:\/\/europa.basilicata.it\/fse\/?p=796"},"modified":"2026-07-13T18:15:10","modified_gmt":"2026-07-13T16:15:10","slug":"madeurope-summer-school","status":"publish","type":"post","link":"https:\/\/europa.regione.basilicata.it\/fse\/madeurope-summer-school\/","title":{"rendered":"MADEurope Summer School"},"content":{"rendered":"<p>L\u2019edizione 2016 di<strong> MADEurope Summer School<\/strong>, dedicata ai temi delle politiche economiche europee, si terr\u00e0 da <strong>gioved\u00ec 8 a domenica 11 settembre 2016 in Maratea<\/strong>.<\/p>\n<p>Il progetto di formazione estiva si focalizza su valori come identit\u00e0, integrazione e dialogo che costituiscono la base fondante per la crescita culturale ed economica dell\u2019Europa.<\/p>\n<p>Le lezioni e i dibattiti verteranno, infatti, sulle caratteristiche del mercato del lavoro europeo, sul quadro macroeconomico italiano all\u2019indomani della Brexit, sulle difficolt\u00e0 di tenuta dell\u2019eurozona e sul futuro dei tanti Mezzogiorni d\u2019Europa.<\/p>\n<p>I 25 giovani europei ammessi alla MADEurope Summer School avranno la possibilit\u00e0 di acquisire le competenze necessarie alla concreta realizzazione del pi\u00f9 ampio progetto comunitario, grazie alla costruzione di una comunit\u00e0 qualificata, secondo gli standard europei, su temi scientifico-manageriali relativi alle politiche pubbliche.<\/p>\n<p><strong>Venerd\u00ec 9 alle 21,30, inoltre, nel centro storico di Maratea si terr\u00e0 il dibattito allargato \u201cLe riforme in Europa dopo la Brexit\u201d<\/strong> con la presenza di <strong>illustri economisti<\/strong> quali <em>Vincenzo Visco, Adriano Giannola, Gianfranco Viesti, Antonella Stirati ed Emiliano Brancaccio<\/em> e rappresentanti delle istituzioni regionale e locali. Un\u2019ulteriore occasione di approfondimento sulla cultura europea contemporanea.<\/p>\n<p>&nbsp;<\/p>\n<p>Maggiori informazioni:<br \/>\nwww.madeuropesummerschool.it<\/p>\n","protected":false},"excerpt":{"rendered":"<p>L\u2019edizione 2016 di MADEurope Summer School, dedicata ai temi delle politiche economiche europee, si terr\u00e0 da gioved\u00ec 8 a domenica<\/p>\n","protected":false},"author":4,"featured_media":804,"comment_status":"closed","ping_status":"open","sticky":false,"template":"","format":"standard","meta":{"colormag_page_container_layout":"default_layout","colormag_page_sidebar_layout":"default_layout","footnotes":""},"categories":[10,6],"tags":[],"class_list":["post-796","post","type-post","status-publish","format-standard","has-post-thumbnail","hentry","category-in-evidenza","category-news"],"publishpress_future_action":{"enabled":false,"date":"2026-09-08 07:14:12","action":"change-status","newStatus":"draft","terms":[],"taxonomy":"category","extraData":[]},"publishpress_future_workflow_manual_trigger":{"enabledWorkflows":[]},"_links":{"self":[{"href":"https:\/\/europa.regione.basilicata.it\/fse\/wp-json\/wp\/v2\/posts\/796","targetHints":{"allow":["GET"]}}],"collection":[{"href":"https:\/\/europa.regione.basilicata.it\/fse\/wp-json\/wp\/v2\/posts"}],"about":[{"href":"https:\/\/europa.regione.basilicata.it\/fse\/wp-json\/wp\/v2\/types\/post"}],"author":[{"embeddable":true,"href":"https:\/\/europa.regione.basilicata.it\/fse\/wp-json\/wp\/v2\/users\/4"}],"replies":[{"embeddable":true,"href":"https:\/\/europa.regione.basilicata.it\/fse\/wp-json\/wp\/v2\/comments?post=796"}],"version-history":[{"count":2,"href":"https:\/\/europa.regione.basilicata.it\/fse\/wp-json\/wp\/v2\/posts\/796\/revisions"}],"predecessor-version":[{"id":9998,"href":"https:\/\/europa.regione.basilicata.it\/fse\/wp-json\/wp\/v2\/posts\/796\/revisions\/9998"}],"wp:featuredmedia":[{"embeddable":true,"href":"https:\/\/europa.regione.basilicata.it\/fse\/wp-json\/wp\/v2\/media\/804"}],"wp:attachment":[{"href":"https:\/\/europa.regione.basilicata.it\/fse\/wp-json\/wp\/v2\/media?parent=796"}],"wp:term":[{"taxonomy":"category","embeddable":true,"href":"https:\/\/europa.regione.basilicata.it\/fse\/wp-json\/wp\/v2\/categories?post=796"},{"taxonomy":"post_tag","embeddable":true,"href":"https:\/\/europa.regione.basilicata.it\/fse\/wp-json\/wp\/v2\/tags?post=796"}],"curies":[{"name":"wp","href":"https:\/\/api.w.org\/{rel}","templated":true}]}}