{"id":9212,"date":"2022-11-16T12:44:05","date_gmt":"2022-11-16T11:44:05","guid":{"rendered":"http:\/\/europa.basilicata.it\/fse\/?p=9212"},"modified":"2026-07-13T18:15:49","modified_gmt":"2026-07-13T16:15:49","slug":"evento-unesco-e-piano-comunicazione-sapienziale-fse-basilicata","status":"publish","type":"post","link":"https:\/\/europa.regione.basilicata.it\/fse\/evento-unesco-e-piano-comunicazione-sapienziale-fse-basilicata\/","title":{"rendered":"EVENTO UNESCO E PIANO COMUNICAZIONE SAPIENZIALE FSE BASILICATA"},"content":{"rendered":"<p>Nell\u2019Anno Europeo dei Giovani, per festeggiare la Giornata Mondiale dell&#8217;Infanzia e dell&#8217;Adolescenza l\u2019Ufficio Autorit\u00e0 di Gestione dei Programmi Operativi FSE della Regione Basilicata ha organizzato l&#8217;Evento \u2018Marcia per un Mondo migliore a misura dei Giovani\u2019 che si terr\u00e0 Venerd\u00ec 18 Novembre 2022 che ha ricevuto il patrocinio UNESCO e della Conferenza delle Regioni.<\/p>\n<p>Protagonisti assoluti saranno i giovani con il coinvolgimento delle scuole lucane di ogni ordine e grado, i rappresentanti delle Consulte Studentesche, UNICEF, Garante Infanzia, Consigliera di Parit\u00e0, UNIBAS, Associazione Italiana Giovani per l&#8217;UNESCO e la Rete Transnazionale e Interculturale con l\u2019apporto dell\u2019USR Ministero dell\u2019Istruzione e con le scuole italiane, europee ucraine russe americane e di altri Paesi e per rinsaldare i legami e promuovere la Pace attraverso l&#8217;Arte la Cultura e la Scuola.<\/p>\n<p>L\u2019evento clou &#8211; che \u00e8 stato presentato nel Gruppo di Comunicazione FSE delle Regioni coordinato da Tecnostruttura, avr\u00e0 luogo a Matera nell\u2019 Istituto Comprensivo \u2018G. Minozzi N. Festa\u2019 diretto dalla prof.ssa Maria Rosa Santeramo \u2013 sar\u00e0 l\u2019occasione per presentare la nuova Strategia di Comunicazione Sapienziale del Fondo Europeo Sociale Basilicata coordinata da Tomangelo Cappelli dell\u2019ufficio regionale Autorit\u00e0 di Gestione PO FES Basilicata per promuovere l&#8217;identit\u00e0 europea e le grandi opportunit\u00e0 che l&#8217;Europa mette in campo per creare condizioni migliori di vita per tutti i cittadini europei.<\/p>\n<p>Con l\u2019obiettivo di superare le criticit\u00e0 emerse dalle analisi comparate realizzate dagli Stati membri nel periodo 2014-20 e che hanno messo in evidenza l\u2019insufficiente coordinamento delle attivit\u00e0 di comunicazione, la parziale mancanza di coinvolgimento dei beneficiari e l\u2019episodicit\u00e0 di un impegno proattivo con giornalisti e opinionisti, verranno proposte delle azioni finalizzate a: utilizzare un linguaggio pi\u00f9 diretto, coinvolgere in maniera pi\u00f9 diretta i beneficiari, condividere con maggiore incisivit\u00e0 giornalisti e opinionisti, coordinare con azioni comuni ed unitarie le attivit\u00e0 di comunicazione.<\/p>\n<p>Pertanto si punta ad un tipo di comunicazione fondata sui principi universali e improntata sul carattere \u2018sapienziale\u2019 della comunicazione e della conoscenza come norma di vita e base dell&#8217;Educazione all&#8217;Arte di Vivere che attraverso la Sapienza &#8211; dal gr. Safhes \u2018penetrare l\u2019essenza delle cose\u2019 e dal lat. Sapio \u2018assaporare, aver sapore\u2019 &#8211; e il principio universale dell&#8217;amore porta alla consapevolezza della quintessenza divina della vita che permette di raggiungere la felicit\u00e0, indicata dai sapienti di tutti i tempi come suprema aspirazione dell&#8217;Umanit\u00e0. Per questo motivo la nuova strategia di comunicazione del FSE Basilicata, richiamando l\u2019etimologia del termine \u201ccomunicazione\u201d, che deriva dal greco antico koin\u00f3s, che significa \u2018comune\u2019, \u2018appartenente a tutti, pubblico, per tutti\u2019 permetter\u00e0 di trasmettere messaggi facilmente comprensibili, univoci, chiari, e, soprattutto, emozionali per arrivare dritti al cuore dei giovani e delle persone.<\/p>\n<p>La realizzazione delle Azioni e degli Eventi dell&#8217;Accordo &#8216;Basilicata in Marcia per la Cultura&#8217; appare fondamentale per: creare una coscienza europea nei Giovani fin dalla tenera et\u00e0; far conoscere l\u2019enorme potenziale della programmazione dell\u2019UE e facilitare l\u2019utilizzazione dei finanziamenti europei; valorizzare le radici comuni e le identit\u00e0 territoriali; rafforzare i legami tra le Regioni italiane e l\u2019Europa con la condivisione di un Comunicazione comune.<\/p>\n<p>Un processo di informazione motivazionale per una ComunicAzione che, solo cos\u00ec, pu\u00f2 diventare patrimonio comune per ispirare tutti gli attori e i beneficiari a partire dai Giovani, rendendoli protagonisti in tutte le fasi della Comunicazione, dal progetto alla redazione e gestione, partendo da un\u2019azione comune e condivisa che trova nella Rete Transnazionale e Interculturale una concreta opportunit\u00e0 per realizzare un primo grande piano di comunicazione unitaria coinvolgendo le regioni Italiane e le nazioni europee per costruire un\u2019Europa davvero Unita attraverso la valorizzazione dell\u2019identit\u00e0 Europea e dell\u2019identit\u00e0 dei Paesi membri, riscoprendone le origini legate ai miti della classicit\u00e0, e la promozione delle tradizioni e dei grandi valori legati dei principi universali. Promuovere una Comunicazione sapienziale potr\u00e0 contribuire a rinsaldare i legami tra i popoli europei e facilitare la politica europea di coesione, educando e formando i Giovani a stili di vita pi\u00f9 armonici e ad una visione inclusiva, paritaria attraverso un modello di Sviluppo Eticosostenibile basato sul rispetto dei diritti umani e dell&#8217;ambiente e sulla valorizzazione del patrimonio culturale, in grado di creare nuove opportunit\u00e0 formative e occupazionali per le nuove generazioni indispensabili per elevare il reddito pro-capite ed assicurare una pi\u00f9 alta e diffusa Qualit\u00e0 della Vita che vedr\u00e0 protagonisti giovani, insegnanti e dirigenti scolastici e che, attraverso loro, coinvolger\u00e0 gli adulti, le famiglie e tutte le componenti sociali.<\/p>\n","protected":false},"excerpt":{"rendered":"<p>Nell\u2019Anno Europeo dei Giovani, per festeggiare la Giornata Mondiale dell&#8217;Infanzia e dell&#8217;Adolescenza l\u2019Ufficio Autorit\u00e0 di Gestione dei Programmi Operativi FSE<\/p>\n","protected":false},"author":9,"featured_media":9219,"comment_status":"closed","ping_status":"closed","sticky":false,"template":"","format":"standard","meta":{"colormag_page_container_layout":"default_layout","colormag_page_sidebar_layout":"default_layout","footnotes":""},"categories":[10,6],"tags":[],"class_list":["post-9212","post","type-post","status-publish","format-standard","has-post-thumbnail","hentry","category-in-evidenza","category-news"],"publishpress_future_action":{"enabled":false,"date":"2026-09-10 02:19:35","action":"change-status","newStatus":"draft","terms":[],"taxonomy":"category","extraData":[]},"publishpress_future_workflow_manual_trigger":{"enabledWorkflows":[]},"_links":{"self":[{"href":"https:\/\/europa.regione.basilicata.it\/fse\/wp-json\/wp\/v2\/posts\/9212","targetHints":{"allow":["GET"]}}],"collection":[{"href":"https:\/\/europa.regione.basilicata.it\/fse\/wp-json\/wp\/v2\/posts"}],"about":[{"href":"https:\/\/europa.regione.basilicata.it\/fse\/wp-json\/wp\/v2\/types\/post"}],"author":[{"embeddable":true,"href":"https:\/\/europa.regione.basilicata.it\/fse\/wp-json\/wp\/v2\/users\/9"}],"replies":[{"embeddable":true,"href":"https:\/\/europa.regione.basilicata.it\/fse\/wp-json\/wp\/v2\/comments?post=9212"}],"version-history":[{"count":4,"href":"https:\/\/europa.regione.basilicata.it\/fse\/wp-json\/wp\/v2\/posts\/9212\/revisions"}],"predecessor-version":[{"id":10391,"href":"https:\/\/europa.regione.basilicata.it\/fse\/wp-json\/wp\/v2\/posts\/9212\/revisions\/10391"}],"wp:featuredmedia":[{"embeddable":true,"href":"https:\/\/europa.regione.basilicata.it\/fse\/wp-json\/wp\/v2\/media\/9219"}],"wp:attachment":[{"href":"https:\/\/europa.regione.basilicata.it\/fse\/wp-json\/wp\/v2\/media?parent=9212"}],"wp:term":[{"taxonomy":"category","embeddable":true,"href":"https:\/\/europa.regione.basilicata.it\/fse\/wp-json\/wp\/v2\/categories?post=9212"},{"taxonomy":"post_tag","embeddable":true,"href":"https:\/\/europa.regione.basilicata.it\/fse\/wp-json\/wp\/v2\/tags?post=9212"}],"curies":[{"name":"wp","href":"https:\/\/api.w.org\/{rel}","templated":true}]}}